{"id":2492,"date":"2018-11-08T12:42:36","date_gmt":"2018-11-08T11:42:36","guid":{"rendered":"https:\/\/bike-zentrum.de\/ut-vulputate-accumsan-post-avec-images\/"},"modified":"2022-12-16T16:18:16","modified_gmt":"2022-12-16T15:18:16","slug":"ut-vulputate-accumsan-post-avec-images","status":"publish","type":"post","link":"https:\/\/bike-zentrum.de\/fr\/ut-vulputate-accumsan-post-avec-images\/","title":{"rendered":"Ut vulputate accumsan &#8211; post avec images"},"content":{"rendered":"[vc_row][vc_column css=\u00a0\u00bb.vc_custom_1560774498156{padding-bottom: 40px !important;}\u00a0\u00bb][vc_column_text]Puspendisse rutrum tortor justo, eu sollicitudin nisl pretium et. In a elit ligula. Curabitur ut felis vel mi finibus pretium nec pretium tellus. Donec a purus vehicula, fringilla ligula ac, posuere nisi.<\/p>\n<p>Cras nisl lacus, volutpat a odio posuere, iaculis sollicitudin purus. Donec eleifend, elit vel volutpat sollicitudin, diam lectus porttitor urna, sit amet congue elit leo at metus. Ut vulputate accumsan lorem vel accumsan. Praesent vitae mollis tellus. In rhoncus, dui id finibus bibendum, enim lacus posuere elit, quis porta lacus arcu quis enim. Phasellus convallis pharetra commodo.[\/vc_column_text][\/vc_column][\/vc_row][vc_row css=\u00a0\u00bb.vc_custom_1560774534344{padding-bottom: 20px !important;}\u00a0\u00bb][vc_column width=\u00a0\u00bb1\/2&Prime; css=\u00a0\u00bb.vc_custom_1560774523692{padding-bottom: 20px !important;}\u00a0\u00bb][dt_fancy_image image_id=\u00a0\u00bb651&Prime; width=\u00a0\u00bb600&Prime; height=\u00a0\u00bb600&Prime;][\/vc_column][vc_column width=\u00a0\u00bb1\/2&Prime; css=\u00a0\u00bb.vc_custom_1560774530019{padding-bottom: 20px !important;}\u00a0\u00bb][dt_fancy_image image_id=\u00a0\u00bb845&Prime; width=\u00a0\u00bb600&Prime; height=\u00a0\u00bb600&Prime;][\/vc_column][\/vc_row][vc_row][vc_column css=\u00a0\u00bb.vc_custom_1560774498156{padding-bottom: 40px !important;}\u00a0\u00bb][vc_column_text]Cras nisl lacus, volutpat a odio posuere, iaculis sollicitudin purus. Donec eleifend, elit vel volutpat sollicitudin, diam lectus porttitor urna, sit amet congue elit leo at metus.<\/p>\n<p>Ut vulputate accumsan lorem vel accumsan. Praesent vitae mollis tellus. In rhoncus, dui id finibus bibendum, enim lacus posuere elit, quis porta lacus arcu quis enim. Phasellus convallis pharetra commodo.[\/vc_column_text][\/vc_column][\/vc_row][vc_row css=\u00a0\u00bb.vc_custom_1560774534344{padding-bottom: 20px !important;}\u00a0\u00bb][vc_column width=\u00a0\u00bb1\/3&Prime; css=\u00a0\u00bb.vc_custom_1560774523692{padding-bottom: 20px !important;}\u00a0\u00bb][dt_fancy_image image_id=\u00a0\u00bb644&Prime; width=\u00a0\u00bb600&Prime; height=\u00a0\u00bb600&Prime;][\/vc_column][vc_column width=\u00a0\u00bb1\/3&Prime; css=\u00a0\u00bb.vc_custom_1560774530019{padding-bottom: 20px !important;}\u00a0\u00bb][dt_fancy_image image_id=\u00a0\u00bb847&Prime; width=\u00a0\u00bb600&Prime; height=\u00a0\u00bb600&Prime;][\/vc_column][vc_column width=\u00a0\u00bb1\/3&Prime; css=\u00a0\u00bb.vc_custom_1560774631583{padding-bottom: 20px !important;}\u00a0\u00bb][dt_fancy_image image_id=\u00a0\u00bb639&Prime; width=\u00a0\u00bb600&Prime; height=\u00a0\u00bb600&Prime;][\/vc_column][\/vc_row][vc_row][vc_column][vc_column_text]Donec eleifend, elit vel volutpat sollicitudin, diam lectus porttitor urna, sit amet congue elit leo at metus. Ut vulputate accumsan lorem vel accumsan. Praesent vitae mollis tellus. In rhoncus, dui id finibus bibendum, enim lacus posuere elit, quis porta lacus arcu quis enim. Phasellus convallis pharetra commodo.<\/p>\n<p>Cras nisl lacus, volutpat a odio posuere, iaculis sollicitudin purus. Donec eleifend, elit vel volutpat sollicitudin, diam lectus porttitor urna, sit amet congue elit leo at metus.<\/p>\n<p>Ut vulputate accumsan lorem vel accumsan. Praesent vitae mollis tellus. In rhoncus, dui id finibus bibendum, enim lacus posuere elit, quis porta lacus arcu quis enim. Phasellus convallis pharetra commodo.[\/vc_column_text][\/vc_column][\/vc_row]\n","protected":false},"excerpt":{"rendered":"<p>Phasellus a justo eu sem pulvinar tincidunt eu ut arcu. Quisque id accumsan elit. Integer finibus lobortis fringilla. Aenean tincidunt id velit non volutpat. Praesent quis maximus nisi.<\/p>\n","protected":false},"author":1,"featured_media":0,"comment_status":"open","ping_status":"open","sticky":false,"template":"","format":"standard","meta":{"footnotes":""},"categories":[42],"tags":[43,44,45,46],"class_list":["post-2492","post","type-post","status-publish","format-standard","hentry","category-marketing-fr","tag-business-fr","tag-gutenberg-fr","tag-the7-fr","tag-wordpress-fr"],"yoast_head":"<!-- This site is optimized with the Yoast SEO plugin v27.5 - https:\/\/yoast.com\/product\/yoast-seo-wordpress\/ -->\n<title>Ut vulputate accumsan - post avec images - Bike-Zentrum Schwarzach<\/title>\n<meta name=\"robots\" content=\"index, follow, max-snippet:-1, max-image-preview:large, max-video-preview:-1\" \/>\n<link rel=\"canonical\" href=\"https:\/\/bike-zentrum.de\/fr\/ut-vulputate-accumsan-post-avec-images\/\" \/>\n<meta property=\"og:locale\" content=\"fr_FR\" \/>\n<meta property=\"og:type\" content=\"article\" \/>\n<meta property=\"og:title\" content=\"Ut vulputate accumsan - post avec images - Bike-Zentrum Schwarzach\" \/>\n<meta property=\"og:description\" content=\"Phasellus a justo eu sem pulvinar tincidunt eu ut arcu. Quisque id accumsan elit. Integer finibus lobortis fringilla. Aenean tincidunt id velit non volutpat. Praesent quis maximus nisi.\" \/>\n<meta property=\"og:url\" content=\"https:\/\/bike-zentrum.de\/fr\/ut-vulputate-accumsan-post-avec-images\/\" \/>\n<meta property=\"og:site_name\" content=\"Bike-Zentrum Schwarzach\" \/>\n<meta property=\"article:published_time\" content=\"2018-11-08T11:42:36+00:00\" \/>\n<meta property=\"article:modified_time\" content=\"2022-12-16T15:18:16+00:00\" \/>\n<meta name=\"author\" content=\"badmin\" \/>\n<meta name=\"twitter:card\" content=\"summary_large_image\" \/>\n<meta name=\"twitter:label1\" content=\"\u00c9crit par\" \/>\n\t<meta name=\"twitter:data1\" content=\"badmin\" \/>\n\t<meta name=\"twitter:label2\" content=\"Dur\u00e9e de lecture estim\u00e9e\" \/>\n\t<meta name=\"twitter:data2\" content=\"2 minutes\" \/>\n<script type=\"application\/ld+json\" class=\"yoast-schema-graph\">{\"@context\":\"https:\\\/\\\/schema.org\",\"@graph\":[{\"@type\":\"Article\",\"@id\":\"https:\\\/\\\/bike-zentrum.de\\\/fr\\\/ut-vulputate-accumsan-post-avec-images\\\/#article\",\"isPartOf\":{\"@id\":\"https:\\\/\\\/bike-zentrum.de\\\/fr\\\/ut-vulputate-accumsan-post-avec-images\\\/\"},\"author\":{\"name\":\"badmin\",\"@id\":\"https:\\\/\\\/bike-zentrum.de\\\/#\\\/schema\\\/person\\\/582b377b43cb7b3050a69792f9b42a1d\"},\"headline\":\"Ut vulputate accumsan &#8211; post avec images\",\"datePublished\":\"2018-11-08T11:42:36+00:00\",\"dateModified\":\"2022-12-16T15:18:16+00:00\",\"mainEntityOfPage\":{\"@id\":\"https:\\\/\\\/bike-zentrum.de\\\/fr\\\/ut-vulputate-accumsan-post-avec-images\\\/\"},\"wordCount\":421,\"commentCount\":0,\"keywords\":[\"business\",\"gutenberg\",\"the7\",\"wordpress\"],\"articleSection\":[\"Marketing\"],\"inLanguage\":\"fr-FR\",\"potentialAction\":[{\"@type\":\"CommentAction\",\"name\":\"Comment\",\"target\":[\"https:\\\/\\\/bike-zentrum.de\\\/fr\\\/ut-vulputate-accumsan-post-avec-images\\\/#respond\"]}]},{\"@type\":\"WebPage\",\"@id\":\"https:\\\/\\\/bike-zentrum.de\\\/fr\\\/ut-vulputate-accumsan-post-avec-images\\\/\",\"url\":\"https:\\\/\\\/bike-zentrum.de\\\/fr\\\/ut-vulputate-accumsan-post-avec-images\\\/\",\"name\":\"Ut vulputate accumsan - post avec images - Bike-Zentrum Schwarzach\",\"isPartOf\":{\"@id\":\"https:\\\/\\\/bike-zentrum.de\\\/#website\"},\"datePublished\":\"2018-11-08T11:42:36+00:00\",\"dateModified\":\"2022-12-16T15:18:16+00:00\",\"author\":{\"@id\":\"https:\\\/\\\/bike-zentrum.de\\\/#\\\/schema\\\/person\\\/582b377b43cb7b3050a69792f9b42a1d\"},\"breadcrumb\":{\"@id\":\"https:\\\/\\\/bike-zentrum.de\\\/fr\\\/ut-vulputate-accumsan-post-avec-images\\\/#breadcrumb\"},\"inLanguage\":\"fr-FR\",\"potentialAction\":[{\"@type\":\"ReadAction\",\"target\":[\"https:\\\/\\\/bike-zentrum.de\\\/fr\\\/ut-vulputate-accumsan-post-avec-images\\\/\"]}]},{\"@type\":\"BreadcrumbList\",\"@id\":\"https:\\\/\\\/bike-zentrum.de\\\/fr\\\/ut-vulputate-accumsan-post-avec-images\\\/#breadcrumb\",\"itemListElement\":[{\"@type\":\"ListItem\",\"position\":1,\"name\":\"Startseite\",\"item\":\"https:\\\/\\\/bike-zentrum.de\\\/fr\\\/\"},{\"@type\":\"ListItem\",\"position\":2,\"name\":\"Ut vulputate accumsan &#8211; post avec images\"}]},{\"@type\":\"WebSite\",\"@id\":\"https:\\\/\\\/bike-zentrum.de\\\/#website\",\"url\":\"https:\\\/\\\/bike-zentrum.de\\\/\",\"name\":\"Bike-Zentrum Schwarzach\",\"description\":\"F\u00fcr jeden das passende Rad. Garantiert.\",\"potentialAction\":[{\"@type\":\"SearchAction\",\"target\":{\"@type\":\"EntryPoint\",\"urlTemplate\":\"https:\\\/\\\/bike-zentrum.de\\\/?s={search_term_string}\"},\"query-input\":{\"@type\":\"PropertyValueSpecification\",\"valueRequired\":true,\"valueName\":\"search_term_string\"}}],\"inLanguage\":\"fr-FR\"},{\"@type\":\"Person\",\"@id\":\"https:\\\/\\\/bike-zentrum.de\\\/#\\\/schema\\\/person\\\/582b377b43cb7b3050a69792f9b42a1d\",\"name\":\"badmin\",\"sameAs\":[\"https:\\\/\\\/bike-zentrum.de\"],\"url\":\"https:\\\/\\\/bike-zentrum.de\\\/fr\\\/author\\\/badmin\\\/\"}]}<\/script>\n<!-- \/ Yoast SEO plugin. -->","yoast_head_json":{"title":"Ut vulputate accumsan - post avec images - Bike-Zentrum Schwarzach","robots":{"index":"index","follow":"follow","max-snippet":"max-snippet:-1","max-image-preview":"max-image-preview:large","max-video-preview":"max-video-preview:-1"},"canonical":"https:\/\/bike-zentrum.de\/fr\/ut-vulputate-accumsan-post-avec-images\/","og_locale":"fr_FR","og_type":"article","og_title":"Ut vulputate accumsan - post avec images - Bike-Zentrum Schwarzach","og_description":"Phasellus a justo eu sem pulvinar tincidunt eu ut arcu. Quisque id accumsan elit. Integer finibus lobortis fringilla. Aenean tincidunt id velit non volutpat. Praesent quis maximus nisi.","og_url":"https:\/\/bike-zentrum.de\/fr\/ut-vulputate-accumsan-post-avec-images\/","og_site_name":"Bike-Zentrum Schwarzach","article_published_time":"2018-11-08T11:42:36+00:00","article_modified_time":"2022-12-16T15:18:16+00:00","author":"badmin","twitter_card":"summary_large_image","twitter_misc":{"\u00c9crit par":"badmin","Dur\u00e9e de lecture estim\u00e9e":"2 minutes"},"schema":{"@context":"https:\/\/schema.org","@graph":[{"@type":"Article","@id":"https:\/\/bike-zentrum.de\/fr\/ut-vulputate-accumsan-post-avec-images\/#article","isPartOf":{"@id":"https:\/\/bike-zentrum.de\/fr\/ut-vulputate-accumsan-post-avec-images\/"},"author":{"name":"badmin","@id":"https:\/\/bike-zentrum.de\/#\/schema\/person\/582b377b43cb7b3050a69792f9b42a1d"},"headline":"Ut vulputate accumsan &#8211; post avec images","datePublished":"2018-11-08T11:42:36+00:00","dateModified":"2022-12-16T15:18:16+00:00","mainEntityOfPage":{"@id":"https:\/\/bike-zentrum.de\/fr\/ut-vulputate-accumsan-post-avec-images\/"},"wordCount":421,"commentCount":0,"keywords":["business","gutenberg","the7","wordpress"],"articleSection":["Marketing"],"inLanguage":"fr-FR","potentialAction":[{"@type":"CommentAction","name":"Comment","target":["https:\/\/bike-zentrum.de\/fr\/ut-vulputate-accumsan-post-avec-images\/#respond"]}]},{"@type":"WebPage","@id":"https:\/\/bike-zentrum.de\/fr\/ut-vulputate-accumsan-post-avec-images\/","url":"https:\/\/bike-zentrum.de\/fr\/ut-vulputate-accumsan-post-avec-images\/","name":"Ut vulputate accumsan - post avec images - Bike-Zentrum Schwarzach","isPartOf":{"@id":"https:\/\/bike-zentrum.de\/#website"},"datePublished":"2018-11-08T11:42:36+00:00","dateModified":"2022-12-16T15:18:16+00:00","author":{"@id":"https:\/\/bike-zentrum.de\/#\/schema\/person\/582b377b43cb7b3050a69792f9b42a1d"},"breadcrumb":{"@id":"https:\/\/bike-zentrum.de\/fr\/ut-vulputate-accumsan-post-avec-images\/#breadcrumb"},"inLanguage":"fr-FR","potentialAction":[{"@type":"ReadAction","target":["https:\/\/bike-zentrum.de\/fr\/ut-vulputate-accumsan-post-avec-images\/"]}]},{"@type":"BreadcrumbList","@id":"https:\/\/bike-zentrum.de\/fr\/ut-vulputate-accumsan-post-avec-images\/#breadcrumb","itemListElement":[{"@type":"ListItem","position":1,"name":"Startseite","item":"https:\/\/bike-zentrum.de\/fr\/"},{"@type":"ListItem","position":2,"name":"Ut vulputate accumsan &#8211; post avec images"}]},{"@type":"WebSite","@id":"https:\/\/bike-zentrum.de\/#website","url":"https:\/\/bike-zentrum.de\/","name":"Bike-Zentrum Schwarzach","description":"F\u00fcr jeden das passende Rad. Garantiert.","potentialAction":[{"@type":"SearchAction","target":{"@type":"EntryPoint","urlTemplate":"https:\/\/bike-zentrum.de\/?s={search_term_string}"},"query-input":{"@type":"PropertyValueSpecification","valueRequired":true,"valueName":"search_term_string"}}],"inLanguage":"fr-FR"},{"@type":"Person","@id":"https:\/\/bike-zentrum.de\/#\/schema\/person\/582b377b43cb7b3050a69792f9b42a1d","name":"badmin","sameAs":["https:\/\/bike-zentrum.de"],"url":"https:\/\/bike-zentrum.de\/fr\/author\/badmin\/"}]}},"_links":{"self":[{"href":"https:\/\/bike-zentrum.de\/fr\/wp-json\/wp\/v2\/posts\/2492","targetHints":{"allow":["GET"]}}],"collection":[{"href":"https:\/\/bike-zentrum.de\/fr\/wp-json\/wp\/v2\/posts"}],"about":[{"href":"https:\/\/bike-zentrum.de\/fr\/wp-json\/wp\/v2\/types\/post"}],"author":[{"embeddable":true,"href":"https:\/\/bike-zentrum.de\/fr\/wp-json\/wp\/v2\/users\/1"}],"replies":[{"embeddable":true,"href":"https:\/\/bike-zentrum.de\/fr\/wp-json\/wp\/v2\/comments?post=2492"}],"version-history":[{"count":1,"href":"https:\/\/bike-zentrum.de\/fr\/wp-json\/wp\/v2\/posts\/2492\/revisions"}],"predecessor-version":[{"id":2498,"href":"https:\/\/bike-zentrum.de\/fr\/wp-json\/wp\/v2\/posts\/2492\/revisions\/2498"}],"wp:attachment":[{"href":"https:\/\/bike-zentrum.de\/fr\/wp-json\/wp\/v2\/media?parent=2492"}],"wp:term":[{"taxonomy":"category","embeddable":true,"href":"https:\/\/bike-zentrum.de\/fr\/wp-json\/wp\/v2\/categories?post=2492"},{"taxonomy":"post_tag","embeddable":true,"href":"https:\/\/bike-zentrum.de\/fr\/wp-json\/wp\/v2\/tags?post=2492"}],"curies":[{"name":"wp","href":"https:\/\/api.w.org\/{rel}","templated":true}]}}