{"id":2495,"date":"2018-11-14T18:38:36","date_gmt":"2018-11-14T17:38:36","guid":{"rendered":"https:\/\/bike-zentrum.de\/curabitur-ut-felis-vel-mi-finibus-post-avec-texte-et-blocs-dimages\/"},"modified":"2022-12-16T16:18:22","modified_gmt":"2022-12-16T15:18:22","slug":"curabitur-ut-felis-vel-mi-finibus-post-avec-texte-et-blocs-dimages","status":"publish","type":"post","link":"https:\/\/bike-zentrum.de\/fr\/curabitur-ut-felis-vel-mi-finibus-post-avec-texte-et-blocs-dimages\/","title":{"rendered":"Curabitur ut felis vel mi finibus &#8211; post avec texte et blocs d&rsquo;images"},"content":{"rendered":"[vc_row][vc_column css=\u00a0\u00bb.vc_custom_1560701587242{padding-bottom: 50px !important;}\u00a0\u00bb][vc_column_text]Praesent euismod volutpat rhoncus. Suspendisse rutrum tortor justo, eu sollicitudin nisl pretium et. In a elit ligula. Curabitur ut felis vel mi finibus pretium nec pretium tellus. Donec a purus vehicula, fringilla ligula ac, posuere nisi. Cras nisl lacus, volutpat a odio posuere, iaculis sollicitudin purus. Praesent euismod volutpat rhoncus.<\/p>\n<p>Suspendisse rutrum tortor justo, eu sollicitudin nisl pretium et. In a elit ligula. Curabitur ut felis vel mi finibus pretium nec pretium tellus.[\/vc_column_text][\/vc_column][\/vc_row][vc_row equal_height=\u00a0\u00bbyes\u00a0\u00bb content_placement=\u00a0\u00bbmiddle\u00a0\u00bb css=\u00a0\u00bb.vc_custom_1560702508967{margin-right: 0px !important;margin-left: 0px !important;background-color: #93c248 !important;}\u00a0\u00bb][vc_column width=\u00a0\u00bb1\/2&Prime; css=\u00a0\u00bb.vc_custom_1560702025802{padding-top: 30px !important;padding-right: 30px !important;padding-bottom: 30px !important;padding-left: 30px !important;}\u00a0\u00bb][vc_column_text]\n<h4>\n            <span style=\"color: #ffffff;\">Lorem ipsum nisl pretium et &#8211; in a elit ligula dolor<\/span><br \/>\n          <\/h4>\n<p>          <span style=\"color: #ffffff;\">Sollicitudin nisl pretium et. In a elit ligula. Curabitur ut felis vel mi finibus pretium nec pretium tellus. Curabitur ut felis vel mi finibus pretium nec pretium tellus. Donec a purus vehicula !<\/span>[\/vc_column_text][\/vc_column][vc_column width=\u00a0\u00bb1\/2&Prime; css=\u00a0\u00bb.vc_custom_1560702022879{padding-top: 0px !important;padding-right: 0px !important;padding-bottom: 0px !important;padding-left: 0px !important;}\u00a0\u00bb][dt_fancy_image image_id=\u00a0\u00bb832&Prime; width=\u00a0\u00bb800&Prime; height=\u00a0\u00bb800&Prime;][\/vc_column][\/vc_row][vc_row equal_height=\u00a0\u00bbyes\u00a0\u00bb content_placement=\u00a0\u00bbmiddle\u00a0\u00bb css=\u00a0\u00bb.vc_custom_1560773861666{margin-right: 0px !important;margin-left: 0px !important;background-color: #262d37 !important;}\u00a0\u00bb][vc_column width=\u00a0\u00bb1\/2&Prime; css=\u00a0\u00bb.vc_custom_1560702022879{padding-top: 0px !important;padding-right: 0px !important;padding-bottom: 0px !important;padding-left: 0px !important;}\u00a0\u00bb][dt_fancy_image image_id=\u00a0\u00bb644&Prime; width=\u00a0\u00bb800&Prime; height=\u00a0\u00bb800&Prime;][\/vc_column][vc_column width=\u00a0\u00bb1\/2&Prime; css=\u00a0\u00bb.vc_custom_1560702025802{padding-top: 30px !important;padding-right: 30px !important;padding-bottom: 30px !important;padding-left: 30px !important;}\u00a0\u00bb][vc_column_text]\n<h4>\n            <span style=\"color: #ffffff;\">Lorem ipsum dolor<\/span><br \/>\n          <\/h4>\n<p>          <span style=\"color: #ffffff;\">Suspendisse rutrum tortor justo, eu sollicitudin nisl pretium et. In a elit ligula. Curabitur ut felis vel mi finibus pretium nec pretium tellus. Donec a purus vehicula, fringilla ligula ac, posuere nisi.<\/span>[\/vc_column_text][\/vc_column][\/vc_row][vc_row equal_height=\u00a0\u00bbyes\u00a0\u00bb content_placement=\u00a0\u00bbmiddle\u00a0\u00bb css=\u00a0\u00bb.vc_custom_1560702494410{margin-right: 0px !important;margin-bottom: 40px !important;margin-left: 0px !important;background-color: #93c248 !important;}\u00a0\u00bb][vc_column width=\u00a0\u00bb1\/2&Prime; css=\u00a0\u00bb.vc_custom_1560702025802{padding-top: 30px !important;padding-right: 30px !important;padding-bottom: 30px !important;padding-left: 30px !important;}\u00a0\u00bb][vc_column_text]\n<h4>\n            <span style=\"color: #ffffff;\">Curabitur ut felis vel mi finibus !<\/span><br \/>\n          <\/h4>\n<p>          <span style=\"color: #ffffff;\">Curabitur ut felis vel mi finibus pretium posuere nisi. Cras nisl lacus ! Suspendisse rutrum tortor justo, eu sollicitudin nisl pretium et. In a elit ligula.<\/span>[\/vc_column_text][\/vc_column][vc_column width=\u00a0\u00bb1\/2&Prime; css=\u00a0\u00bb.vc_custom_1560702022879{padding-top: 0px !important;padding-right: 0px !important;padding-bottom: 0px !important;padding-left: 0px !important;}\u00a0\u00bb][dt_fancy_image image_id=\u00a0\u00bb860&Prime; width=\u00a0\u00bb800&Prime; height=\u00a0\u00bb800&Prime;][\/vc_column][\/vc_row][vc_row][vc_column][vc_column_text]Suspendisse potenti. Donec venenatis, eros scelerisque volutpat fringilla, mi diam varius ligula, in eleifend lectus est fermentum lorem.<\/p>\n<p>Cras nisl lacus, volutpat a odio posuere, iaculis sollicitudin purus. Praesent euismod volutpat rhoncus. Suspendisse rutrum tortor justo, eu sollicitudin nisl pretium et. In a elit ligula.[\/vc_column_text][\/vc_column][\/vc_row]\n","protected":false},"excerpt":{"rendered":"<p>Dofelis vel mi finibus pretium nec pretium tellus. Donec a purus vehicula, fringilla ligula ac, posuere nisi. Cras nisl lacus, volutpat a odio posuere, iaculis sollicitudin purus.<\/p>\n","protected":false},"author":1,"featured_media":0,"comment_status":"open","ping_status":"open","sticky":false,"template":"","format":"standard","meta":{"footnotes":""},"categories":[47],"tags":[43,44,48,45,46],"class_list":["post-2495","post","type-post","status-publish","format-standard","hentry","category-art-et-design","tag-business-fr","tag-gutenberg-fr","tag-marketing-fr","tag-the7-fr","tag-wordpress-fr"],"yoast_head":"<!-- This site is optimized with the Yoast SEO plugin v27.5 - https:\/\/yoast.com\/product\/yoast-seo-wordpress\/ -->\n<title>Curabitur ut felis vel mi finibus - post avec texte et blocs d&#039;images - Bike-Zentrum Schwarzach<\/title>\n<meta name=\"robots\" content=\"index, follow, max-snippet:-1, max-image-preview:large, max-video-preview:-1\" \/>\n<link rel=\"canonical\" href=\"https:\/\/bike-zentrum.de\/fr\/curabitur-ut-felis-vel-mi-finibus-post-avec-texte-et-blocs-dimages\/\" \/>\n<meta property=\"og:locale\" content=\"fr_FR\" \/>\n<meta property=\"og:type\" content=\"article\" \/>\n<meta property=\"og:title\" content=\"Curabitur ut felis vel mi finibus - post avec texte et blocs d&#039;images - Bike-Zentrum Schwarzach\" \/>\n<meta property=\"og:description\" content=\"Dofelis vel mi finibus pretium nec pretium tellus. Donec a purus vehicula, fringilla ligula ac, posuere nisi. Cras nisl lacus, volutpat a odio posuere, iaculis sollicitudin purus.\" \/>\n<meta property=\"og:url\" content=\"https:\/\/bike-zentrum.de\/fr\/curabitur-ut-felis-vel-mi-finibus-post-avec-texte-et-blocs-dimages\/\" \/>\n<meta property=\"og:site_name\" content=\"Bike-Zentrum Schwarzach\" \/>\n<meta property=\"article:published_time\" content=\"2018-11-14T17:38:36+00:00\" \/>\n<meta property=\"article:modified_time\" content=\"2022-12-16T15:18:22+00:00\" \/>\n<meta name=\"author\" content=\"badmin\" \/>\n<meta name=\"twitter:card\" content=\"summary_large_image\" \/>\n<meta name=\"twitter:label1\" content=\"\u00c9crit par\" \/>\n\t<meta name=\"twitter:data1\" content=\"badmin\" \/>\n\t<meta name=\"twitter:label2\" content=\"Dur\u00e9e de lecture estim\u00e9e\" \/>\n\t<meta name=\"twitter:data2\" content=\"2 minutes\" \/>\n<script type=\"application\/ld+json\" class=\"yoast-schema-graph\">{\"@context\":\"https:\\\/\\\/schema.org\",\"@graph\":[{\"@type\":\"Article\",\"@id\":\"https:\\\/\\\/bike-zentrum.de\\\/fr\\\/curabitur-ut-felis-vel-mi-finibus-post-avec-texte-et-blocs-dimages\\\/#article\",\"isPartOf\":{\"@id\":\"https:\\\/\\\/bike-zentrum.de\\\/fr\\\/curabitur-ut-felis-vel-mi-finibus-post-avec-texte-et-blocs-dimages\\\/\"},\"author\":{\"name\":\"badmin\",\"@id\":\"https:\\\/\\\/bike-zentrum.de\\\/#\\\/schema\\\/person\\\/582b377b43cb7b3050a69792f9b42a1d\"},\"headline\":\"Curabitur ut felis vel mi finibus &#8211; post avec texte et blocs d&rsquo;images\",\"datePublished\":\"2018-11-14T17:38:36+00:00\",\"dateModified\":\"2022-12-16T15:18:22+00:00\",\"mainEntityOfPage\":{\"@id\":\"https:\\\/\\\/bike-zentrum.de\\\/fr\\\/curabitur-ut-felis-vel-mi-finibus-post-avec-texte-et-blocs-dimages\\\/\"},\"wordCount\":503,\"commentCount\":0,\"keywords\":[\"business\",\"gutenberg\",\"marketing\",\"the7\",\"wordpress\"],\"articleSection\":[\"Art et design\"],\"inLanguage\":\"fr-FR\",\"potentialAction\":[{\"@type\":\"CommentAction\",\"name\":\"Comment\",\"target\":[\"https:\\\/\\\/bike-zentrum.de\\\/fr\\\/curabitur-ut-felis-vel-mi-finibus-post-avec-texte-et-blocs-dimages\\\/#respond\"]}]},{\"@type\":\"WebPage\",\"@id\":\"https:\\\/\\\/bike-zentrum.de\\\/fr\\\/curabitur-ut-felis-vel-mi-finibus-post-avec-texte-et-blocs-dimages\\\/\",\"url\":\"https:\\\/\\\/bike-zentrum.de\\\/fr\\\/curabitur-ut-felis-vel-mi-finibus-post-avec-texte-et-blocs-dimages\\\/\",\"name\":\"Curabitur ut felis vel mi finibus - post avec texte et blocs d'images - Bike-Zentrum Schwarzach\",\"isPartOf\":{\"@id\":\"https:\\\/\\\/bike-zentrum.de\\\/#website\"},\"datePublished\":\"2018-11-14T17:38:36+00:00\",\"dateModified\":\"2022-12-16T15:18:22+00:00\",\"author\":{\"@id\":\"https:\\\/\\\/bike-zentrum.de\\\/#\\\/schema\\\/person\\\/582b377b43cb7b3050a69792f9b42a1d\"},\"breadcrumb\":{\"@id\":\"https:\\\/\\\/bike-zentrum.de\\\/fr\\\/curabitur-ut-felis-vel-mi-finibus-post-avec-texte-et-blocs-dimages\\\/#breadcrumb\"},\"inLanguage\":\"fr-FR\",\"potentialAction\":[{\"@type\":\"ReadAction\",\"target\":[\"https:\\\/\\\/bike-zentrum.de\\\/fr\\\/curabitur-ut-felis-vel-mi-finibus-post-avec-texte-et-blocs-dimages\\\/\"]}]},{\"@type\":\"BreadcrumbList\",\"@id\":\"https:\\\/\\\/bike-zentrum.de\\\/fr\\\/curabitur-ut-felis-vel-mi-finibus-post-avec-texte-et-blocs-dimages\\\/#breadcrumb\",\"itemListElement\":[{\"@type\":\"ListItem\",\"position\":1,\"name\":\"Startseite\",\"item\":\"https:\\\/\\\/bike-zentrum.de\\\/fr\\\/\"},{\"@type\":\"ListItem\",\"position\":2,\"name\":\"Curabitur ut felis vel mi finibus &#8211; post avec texte et blocs d&#8217;images\"}]},{\"@type\":\"WebSite\",\"@id\":\"https:\\\/\\\/bike-zentrum.de\\\/#website\",\"url\":\"https:\\\/\\\/bike-zentrum.de\\\/\",\"name\":\"Bike-Zentrum Schwarzach\",\"description\":\"F\u00fcr jeden das passende Rad. Garantiert.\",\"potentialAction\":[{\"@type\":\"SearchAction\",\"target\":{\"@type\":\"EntryPoint\",\"urlTemplate\":\"https:\\\/\\\/bike-zentrum.de\\\/?s={search_term_string}\"},\"query-input\":{\"@type\":\"PropertyValueSpecification\",\"valueRequired\":true,\"valueName\":\"search_term_string\"}}],\"inLanguage\":\"fr-FR\"},{\"@type\":\"Person\",\"@id\":\"https:\\\/\\\/bike-zentrum.de\\\/#\\\/schema\\\/person\\\/582b377b43cb7b3050a69792f9b42a1d\",\"name\":\"badmin\",\"sameAs\":[\"https:\\\/\\\/bike-zentrum.de\"],\"url\":\"https:\\\/\\\/bike-zentrum.de\\\/fr\\\/author\\\/badmin\\\/\"}]}<\/script>\n<!-- \/ Yoast SEO plugin. -->","yoast_head_json":{"title":"Curabitur ut felis vel mi finibus - post avec texte et blocs d'images - Bike-Zentrum Schwarzach","robots":{"index":"index","follow":"follow","max-snippet":"max-snippet:-1","max-image-preview":"max-image-preview:large","max-video-preview":"max-video-preview:-1"},"canonical":"https:\/\/bike-zentrum.de\/fr\/curabitur-ut-felis-vel-mi-finibus-post-avec-texte-et-blocs-dimages\/","og_locale":"fr_FR","og_type":"article","og_title":"Curabitur ut felis vel mi finibus - post avec texte et blocs d'images - Bike-Zentrum Schwarzach","og_description":"Dofelis vel mi finibus pretium nec pretium tellus. Donec a purus vehicula, fringilla ligula ac, posuere nisi. Cras nisl lacus, volutpat a odio posuere, iaculis sollicitudin purus.","og_url":"https:\/\/bike-zentrum.de\/fr\/curabitur-ut-felis-vel-mi-finibus-post-avec-texte-et-blocs-dimages\/","og_site_name":"Bike-Zentrum Schwarzach","article_published_time":"2018-11-14T17:38:36+00:00","article_modified_time":"2022-12-16T15:18:22+00:00","author":"badmin","twitter_card":"summary_large_image","twitter_misc":{"\u00c9crit par":"badmin","Dur\u00e9e de lecture estim\u00e9e":"2 minutes"},"schema":{"@context":"https:\/\/schema.org","@graph":[{"@type":"Article","@id":"https:\/\/bike-zentrum.de\/fr\/curabitur-ut-felis-vel-mi-finibus-post-avec-texte-et-blocs-dimages\/#article","isPartOf":{"@id":"https:\/\/bike-zentrum.de\/fr\/curabitur-ut-felis-vel-mi-finibus-post-avec-texte-et-blocs-dimages\/"},"author":{"name":"badmin","@id":"https:\/\/bike-zentrum.de\/#\/schema\/person\/582b377b43cb7b3050a69792f9b42a1d"},"headline":"Curabitur ut felis vel mi finibus &#8211; post avec texte et blocs d&rsquo;images","datePublished":"2018-11-14T17:38:36+00:00","dateModified":"2022-12-16T15:18:22+00:00","mainEntityOfPage":{"@id":"https:\/\/bike-zentrum.de\/fr\/curabitur-ut-felis-vel-mi-finibus-post-avec-texte-et-blocs-dimages\/"},"wordCount":503,"commentCount":0,"keywords":["business","gutenberg","marketing","the7","wordpress"],"articleSection":["Art et design"],"inLanguage":"fr-FR","potentialAction":[{"@type":"CommentAction","name":"Comment","target":["https:\/\/bike-zentrum.de\/fr\/curabitur-ut-felis-vel-mi-finibus-post-avec-texte-et-blocs-dimages\/#respond"]}]},{"@type":"WebPage","@id":"https:\/\/bike-zentrum.de\/fr\/curabitur-ut-felis-vel-mi-finibus-post-avec-texte-et-blocs-dimages\/","url":"https:\/\/bike-zentrum.de\/fr\/curabitur-ut-felis-vel-mi-finibus-post-avec-texte-et-blocs-dimages\/","name":"Curabitur ut felis vel mi finibus - post avec texte et blocs d'images - Bike-Zentrum Schwarzach","isPartOf":{"@id":"https:\/\/bike-zentrum.de\/#website"},"datePublished":"2018-11-14T17:38:36+00:00","dateModified":"2022-12-16T15:18:22+00:00","author":{"@id":"https:\/\/bike-zentrum.de\/#\/schema\/person\/582b377b43cb7b3050a69792f9b42a1d"},"breadcrumb":{"@id":"https:\/\/bike-zentrum.de\/fr\/curabitur-ut-felis-vel-mi-finibus-post-avec-texte-et-blocs-dimages\/#breadcrumb"},"inLanguage":"fr-FR","potentialAction":[{"@type":"ReadAction","target":["https:\/\/bike-zentrum.de\/fr\/curabitur-ut-felis-vel-mi-finibus-post-avec-texte-et-blocs-dimages\/"]}]},{"@type":"BreadcrumbList","@id":"https:\/\/bike-zentrum.de\/fr\/curabitur-ut-felis-vel-mi-finibus-post-avec-texte-et-blocs-dimages\/#breadcrumb","itemListElement":[{"@type":"ListItem","position":1,"name":"Startseite","item":"https:\/\/bike-zentrum.de\/fr\/"},{"@type":"ListItem","position":2,"name":"Curabitur ut felis vel mi finibus &#8211; post avec texte et blocs d&#8217;images"}]},{"@type":"WebSite","@id":"https:\/\/bike-zentrum.de\/#website","url":"https:\/\/bike-zentrum.de\/","name":"Bike-Zentrum Schwarzach","description":"F\u00fcr jeden das passende Rad. Garantiert.","potentialAction":[{"@type":"SearchAction","target":{"@type":"EntryPoint","urlTemplate":"https:\/\/bike-zentrum.de\/?s={search_term_string}"},"query-input":{"@type":"PropertyValueSpecification","valueRequired":true,"valueName":"search_term_string"}}],"inLanguage":"fr-FR"},{"@type":"Person","@id":"https:\/\/bike-zentrum.de\/#\/schema\/person\/582b377b43cb7b3050a69792f9b42a1d","name":"badmin","sameAs":["https:\/\/bike-zentrum.de"],"url":"https:\/\/bike-zentrum.de\/fr\/author\/badmin\/"}]}},"_links":{"self":[{"href":"https:\/\/bike-zentrum.de\/fr\/wp-json\/wp\/v2\/posts\/2495","targetHints":{"allow":["GET"]}}],"collection":[{"href":"https:\/\/bike-zentrum.de\/fr\/wp-json\/wp\/v2\/posts"}],"about":[{"href":"https:\/\/bike-zentrum.de\/fr\/wp-json\/wp\/v2\/types\/post"}],"author":[{"embeddable":true,"href":"https:\/\/bike-zentrum.de\/fr\/wp-json\/wp\/v2\/users\/1"}],"replies":[{"embeddable":true,"href":"https:\/\/bike-zentrum.de\/fr\/wp-json\/wp\/v2\/comments?post=2495"}],"version-history":[{"count":4,"href":"https:\/\/bike-zentrum.de\/fr\/wp-json\/wp\/v2\/posts\/2495\/revisions"}],"predecessor-version":[{"id":2585,"href":"https:\/\/bike-zentrum.de\/fr\/wp-json\/wp\/v2\/posts\/2495\/revisions\/2585"}],"wp:attachment":[{"href":"https:\/\/bike-zentrum.de\/fr\/wp-json\/wp\/v2\/media?parent=2495"}],"wp:term":[{"taxonomy":"category","embeddable":true,"href":"https:\/\/bike-zentrum.de\/fr\/wp-json\/wp\/v2\/categories?post=2495"},{"taxonomy":"post_tag","embeddable":true,"href":"https:\/\/bike-zentrum.de\/fr\/wp-json\/wp\/v2\/tags?post=2495"}],"curies":[{"name":"wp","href":"https:\/\/api.w.org\/{rel}","templated":true}]}}