{"id":2496,"date":"2018-11-02T12:48:13","date_gmt":"2018-11-02T11:48:13","guid":{"rendered":"https:\/\/bike-zentrum.de\/lorem-ipsum-post-de-blog-avec-des-blocs-de-texte-et-dimage-legers\/"},"modified":"2022-12-16T16:18:12","modified_gmt":"2022-12-16T15:18:12","slug":"lorem-ipsum-post-de-blog-avec-des-blocs-de-texte-et-dimage-legers","status":"publish","type":"post","link":"https:\/\/bike-zentrum.de\/fr\/lorem-ipsum-post-de-blog-avec-des-blocs-de-texte-et-dimage-legers\/","title":{"rendered":"Lorem ipsum &#8211; post de blog avec des blocs de texte et d&rsquo;image l\u00e9gers"},"content":{"rendered":"[vc_row][vc_column css=\u00a0\u00bb.vc_custom_1560701587242{padding-bottom: 50px !important;}\u00a0\u00bb][vc_column_text]Praesent euismod volutpat rhoncus. Suspendisse rutrum tortor justo, eu sollicitudin nisl pretium et. In a elit ligula. Curabitur ut felis vel mi finibus pretium nec pretium tellus. Donec a purus vehicula, fringilla ligula ac, posuere nisi. Cras nisl lacus, volutpat a odio posuere, iaculis sollicitudin purus. Praesent euismod volutpat rhoncus.<\/p>\n<p>Suspendisse rutrum tortor justo, eu sollicitudin nisl pretium et. In a elit ligula. Curabitur ut felis vel mi finibus pretium nec pretium tellus.[\/vc_column_text][\/vc_column][\/vc_row][vc_row equal_height=\u00a0\u00bbyes\u00a0\u00bb content_placement=\u00a0\u00bbmiddle\u00a0\u00bb css=\u00a0\u00bb.vc_custom_1560775865728{margin-right: 0px !important;margin-left: 0px !important;background-color: #f4f4f4 !important;}\u00a0\u00bb][vc_column width=\u00a0\u00bb1\/2&Prime; css=\u00a0\u00bb.vc_custom_1560702025802{padding-top: 30px !important;padding-right: 30px !important;padding-bottom: 30px !important;padding-left: 30px !important;}\u00a0\u00bb][vc_column_text]\n<h4>Lorem ipsum nisl pretium et &#8211; in a elit ligula dolor<\/h4>\n<p>Sollicitudin nisl pretium et. In a elit ligula. Curabitur ut felis vel mi finibus pretium nec pretium tellus. Curabitur ut felis vel mi finibus pretium nec pretium tellus. Donec a purus vehicula !<\/p>\n[\/vc_column_text][\/vc_column][vc_column width=\u00a0\u00bb1\/2&Prime; css=\u00a0\u00bb.vc_custom_1560702022879{padding-top: 0px !important;padding-right: 0px !important;padding-bottom: 0px !important;padding-left: 0px !important;}\u00a0\u00bb][dt_fancy_image image_id=\u00a0\u00bb917&Prime; width=\u00a0\u00bb800&Prime; height=\u00a0\u00bb800&Prime;][\/vc_column][\/vc_row][vc_row equal_height=\u00a0\u00bbyes\u00a0\u00bb content_placement=\u00a0\u00bbmiddle\u00a0\u00bb css=\u00a0\u00bb.vc_custom_1560775890999{margin-right: 0px !important;margin-left: 0px !important;background-color: #f4f4f4 !important;}\u00a0\u00bb][vc_column width=\u00a0\u00bb1\/2&Prime; css=\u00a0\u00bb.vc_custom_1560702022879{padding-top: 0px !important;padding-right: 0px !important;padding-bottom: 0px !important;padding-left: 0px !important;}\u00a0\u00bb][dt_fancy_image image_id=\u00a0\u00bb853&Prime; width=\u00a0\u00bb800&Prime; height=\u00a0\u00bb800&Prime;][\/vc_column][vc_column width=\u00a0\u00bb1\/2&Prime; css=\u00a0\u00bb.vc_custom_1560702025802{padding-top: 30px !important;padding-right: 30px !important;padding-bottom: 30px !important;padding-left: 30px !important;}\u00a0\u00bb][vc_column_text]\n<h4>Lorem ipsum dolor<\/h4>\n<p>Suspendisse rutrum tortor justo, eu sollicitudin nisl pretium et. In a elit ligula. Curabitur ut felis vel mi finibus pretium nec pretium tellus. Donec a purus vehicula, fringilla ligula ac, posuere nisi.[\/vc_column_text][\/vc_column][\/vc_row][vc_row equal_height=\u00a0\u00bbyes\u00a0\u00bb content_placement=\u00a0\u00bbmiddle\u00a0\u00bb css=\u00a0\u00bb.vc_custom_1560775916020{margin-right: 0px !important;margin-bottom: 40px !important;margin-left: 0px !important;background-color: #f4f4f4 !important;}\u00a0\u00bb][vc_column width=\u00a0\u00bb1\/2&Prime; css=\u00a0\u00bb.vc_custom_1560702025802{padding-top: 30px !important;padding-right: 30px !important;padding-bottom: 30px !important;padding-left: 30px !important;}\u00a0\u00bb][vc_column_text]\n<h4>Curabitur ut felis vel mi finibus !<\/h4>\n<p>Curabitur ut felis vel mi finibus pretium posuere nisi. Cras nisl lacus ! Suspendisse rutrum tortor justo, eu sollicitudin nisl pretium et. In a elit ligula.[\/vc_column_text][\/vc_column][vc_column width=\u00a0\u00bb1\/2&Prime; css=\u00a0\u00bb.vc_custom_1560702022879{padding-top: 0px !important;padding-right: 0px !important;padding-bottom: 0px !important;padding-left: 0px !important;}\u00a0\u00bb][dt_fancy_image image_id=\u00a0\u00bb858&Prime; width=\u00a0\u00bb800&Prime; height=\u00a0\u00bb800&Prime;][\/vc_column][\/vc_row][vc_row][vc_column][vc_column_text]Suspendisse potenti. Donec venenatis, eros scelerisque volutpat fringilla, mi diam varius ligula, in eleifend lectus est fermentum lorem.<\/p>\n<p>Cras nisl lacus, volutpat a odio posuere, iaculis sollicitudin purus. Praesent euismod volutpat rhoncus. Suspendisse rutrum tortor justo, eu sollicitudin nisl pretium et. In a elit ligula.[\/vc_column_text][\/vc_column][\/vc_row]\n","protected":false},"excerpt":{"rendered":"<p>  Aenean eget feugiat leo. Donec pretium bibendum elit, eget ullamcorper urna malesuada nec. Phasellus a justo eu sem pulvinar tincidunt eu ut arcu. Quisque id accumsan elit. Integer finibus lobortis fringilla. Aenean tincidunt id velit non volutpat. Praesent quis maximus nisi.<\/p>\n","protected":false},"author":1,"featured_media":0,"comment_status":"open","ping_status":"open","sticky":false,"template":"","format":"standard","meta":{"footnotes":""},"categories":[42],"tags":[43,44,46],"class_list":["post-2496","post","type-post","status-publish","format-standard","hentry","category-marketing-fr","tag-business-fr","tag-gutenberg-fr","tag-wordpress-fr"],"yoast_head":"<!-- This site is optimized with the Yoast SEO plugin v27.5 - https:\/\/yoast.com\/product\/yoast-seo-wordpress\/ -->\n<title>Lorem ipsum - post de blog avec des blocs de texte et d&#039;image l\u00e9gers - Bike-Zentrum Schwarzach<\/title>\n<meta name=\"robots\" content=\"index, follow, max-snippet:-1, max-image-preview:large, max-video-preview:-1\" \/>\n<link rel=\"canonical\" href=\"https:\/\/bike-zentrum.de\/?p=290\" \/>\n<meta property=\"og:locale\" content=\"fr_FR\" \/>\n<meta property=\"og:type\" content=\"article\" \/>\n<meta property=\"og:title\" content=\"Lorem ipsum - post de blog avec des blocs de texte et d&#039;image l\u00e9gers - Bike-Zentrum Schwarzach\" \/>\n<meta property=\"og:description\" content=\"Aenean eget feugiat leo. Donec pretium bibendum elit, eget ullamcorper urna malesuada nec. Phasellus a justo eu sem pulvinar tincidunt eu ut arcu. Quisque id accumsan elit. Integer finibus lobortis fringilla. Aenean tincidunt id velit non volutpat. Praesent quis maximus nisi.\" \/>\n<meta property=\"og:url\" content=\"https:\/\/bike-zentrum.de\/?p=290\" \/>\n<meta property=\"og:site_name\" content=\"Bike-Zentrum Schwarzach\" \/>\n<meta property=\"article:published_time\" content=\"2018-11-02T11:48:13+00:00\" \/>\n<meta property=\"article:modified_time\" content=\"2022-12-16T15:18:12+00:00\" \/>\n<meta name=\"author\" content=\"badmin\" \/>\n<meta name=\"twitter:card\" content=\"summary_large_image\" \/>\n<meta name=\"twitter:label1\" content=\"\u00c9crit par\" \/>\n\t<meta name=\"twitter:data1\" content=\"badmin\" \/>\n\t<meta name=\"twitter:label2\" content=\"Dur\u00e9e de lecture estim\u00e9e\" \/>\n\t<meta name=\"twitter:data2\" content=\"2 minutes\" \/>\n<script type=\"application\/ld+json\" class=\"yoast-schema-graph\">{\"@context\":\"https:\\\/\\\/schema.org\",\"@graph\":[{\"@type\":\"Article\",\"@id\":\"https:\\\/\\\/bike-zentrum.de\\\/?p=290#article\",\"isPartOf\":{\"@id\":\"https:\\\/\\\/bike-zentrum.de\\\/?p=290\"},\"author\":{\"name\":\"badmin\",\"@id\":\"https:\\\/\\\/bike-zentrum.de\\\/#\\\/schema\\\/person\\\/582b377b43cb7b3050a69792f9b42a1d\"},\"headline\":\"Lorem ipsum &#8211; post de blog avec des blocs de texte et d&rsquo;image l\u00e9gers\",\"datePublished\":\"2018-11-02T11:48:13+00:00\",\"dateModified\":\"2022-12-16T15:18:12+00:00\",\"mainEntityOfPage\":{\"@id\":\"https:\\\/\\\/bike-zentrum.de\\\/?p=290\"},\"wordCount\":511,\"commentCount\":0,\"keywords\":[\"business\",\"gutenberg\",\"wordpress\"],\"articleSection\":[\"Marketing\"],\"inLanguage\":\"fr-FR\",\"potentialAction\":[{\"@type\":\"CommentAction\",\"name\":\"Comment\",\"target\":[\"https:\\\/\\\/bike-zentrum.de\\\/?p=290#respond\"]}]},{\"@type\":\"WebPage\",\"@id\":\"https:\\\/\\\/bike-zentrum.de\\\/?p=290\",\"url\":\"https:\\\/\\\/bike-zentrum.de\\\/?p=290\",\"name\":\"Lorem ipsum - post de blog avec des blocs de texte et d'image l\u00e9gers - Bike-Zentrum Schwarzach\",\"isPartOf\":{\"@id\":\"https:\\\/\\\/bike-zentrum.de\\\/#website\"},\"datePublished\":\"2018-11-02T11:48:13+00:00\",\"dateModified\":\"2022-12-16T15:18:12+00:00\",\"author\":{\"@id\":\"https:\\\/\\\/bike-zentrum.de\\\/#\\\/schema\\\/person\\\/582b377b43cb7b3050a69792f9b42a1d\"},\"breadcrumb\":{\"@id\":\"https:\\\/\\\/bike-zentrum.de\\\/?p=290#breadcrumb\"},\"inLanguage\":\"fr-FR\",\"potentialAction\":[{\"@type\":\"ReadAction\",\"target\":[\"https:\\\/\\\/bike-zentrum.de\\\/?p=290\"]}]},{\"@type\":\"BreadcrumbList\",\"@id\":\"https:\\\/\\\/bike-zentrum.de\\\/?p=290#breadcrumb\",\"itemListElement\":[{\"@type\":\"ListItem\",\"position\":1,\"name\":\"Startseite\",\"item\":\"https:\\\/\\\/bike-zentrum.de\\\/fr\\\/\"},{\"@type\":\"ListItem\",\"position\":2,\"name\":\"Lorem ipsum &#8211; post de blog avec des blocs de texte et d&#8217;image l\u00e9gers\"}]},{\"@type\":\"WebSite\",\"@id\":\"https:\\\/\\\/bike-zentrum.de\\\/#website\",\"url\":\"https:\\\/\\\/bike-zentrum.de\\\/\",\"name\":\"Bike-Zentrum Schwarzach\",\"description\":\"F\u00fcr jeden das passende Rad. Garantiert.\",\"potentialAction\":[{\"@type\":\"SearchAction\",\"target\":{\"@type\":\"EntryPoint\",\"urlTemplate\":\"https:\\\/\\\/bike-zentrum.de\\\/?s={search_term_string}\"},\"query-input\":{\"@type\":\"PropertyValueSpecification\",\"valueRequired\":true,\"valueName\":\"search_term_string\"}}],\"inLanguage\":\"fr-FR\"},{\"@type\":\"Person\",\"@id\":\"https:\\\/\\\/bike-zentrum.de\\\/#\\\/schema\\\/person\\\/582b377b43cb7b3050a69792f9b42a1d\",\"name\":\"badmin\",\"sameAs\":[\"https:\\\/\\\/bike-zentrum.de\"],\"url\":\"https:\\\/\\\/bike-zentrum.de\\\/fr\\\/author\\\/badmin\\\/\"}]}<\/script>\n<!-- \/ Yoast SEO plugin. -->","yoast_head_json":{"title":"Lorem ipsum - post de blog avec des blocs de texte et d'image l\u00e9gers - Bike-Zentrum Schwarzach","robots":{"index":"index","follow":"follow","max-snippet":"max-snippet:-1","max-image-preview":"max-image-preview:large","max-video-preview":"max-video-preview:-1"},"canonical":"https:\/\/bike-zentrum.de\/?p=290","og_locale":"fr_FR","og_type":"article","og_title":"Lorem ipsum - post de blog avec des blocs de texte et d'image l\u00e9gers - Bike-Zentrum Schwarzach","og_description":"Aenean eget feugiat leo. Donec pretium bibendum elit, eget ullamcorper urna malesuada nec. Phasellus a justo eu sem pulvinar tincidunt eu ut arcu. Quisque id accumsan elit. Integer finibus lobortis fringilla. Aenean tincidunt id velit non volutpat. Praesent quis maximus nisi.","og_url":"https:\/\/bike-zentrum.de\/?p=290","og_site_name":"Bike-Zentrum Schwarzach","article_published_time":"2018-11-02T11:48:13+00:00","article_modified_time":"2022-12-16T15:18:12+00:00","author":"badmin","twitter_card":"summary_large_image","twitter_misc":{"\u00c9crit par":"badmin","Dur\u00e9e de lecture estim\u00e9e":"2 minutes"},"schema":{"@context":"https:\/\/schema.org","@graph":[{"@type":"Article","@id":"https:\/\/bike-zentrum.de\/?p=290#article","isPartOf":{"@id":"https:\/\/bike-zentrum.de\/?p=290"},"author":{"name":"badmin","@id":"https:\/\/bike-zentrum.de\/#\/schema\/person\/582b377b43cb7b3050a69792f9b42a1d"},"headline":"Lorem ipsum &#8211; post de blog avec des blocs de texte et d&rsquo;image l\u00e9gers","datePublished":"2018-11-02T11:48:13+00:00","dateModified":"2022-12-16T15:18:12+00:00","mainEntityOfPage":{"@id":"https:\/\/bike-zentrum.de\/?p=290"},"wordCount":511,"commentCount":0,"keywords":["business","gutenberg","wordpress"],"articleSection":["Marketing"],"inLanguage":"fr-FR","potentialAction":[{"@type":"CommentAction","name":"Comment","target":["https:\/\/bike-zentrum.de\/?p=290#respond"]}]},{"@type":"WebPage","@id":"https:\/\/bike-zentrum.de\/?p=290","url":"https:\/\/bike-zentrum.de\/?p=290","name":"Lorem ipsum - post de blog avec des blocs de texte et d'image l\u00e9gers - Bike-Zentrum Schwarzach","isPartOf":{"@id":"https:\/\/bike-zentrum.de\/#website"},"datePublished":"2018-11-02T11:48:13+00:00","dateModified":"2022-12-16T15:18:12+00:00","author":{"@id":"https:\/\/bike-zentrum.de\/#\/schema\/person\/582b377b43cb7b3050a69792f9b42a1d"},"breadcrumb":{"@id":"https:\/\/bike-zentrum.de\/?p=290#breadcrumb"},"inLanguage":"fr-FR","potentialAction":[{"@type":"ReadAction","target":["https:\/\/bike-zentrum.de\/?p=290"]}]},{"@type":"BreadcrumbList","@id":"https:\/\/bike-zentrum.de\/?p=290#breadcrumb","itemListElement":[{"@type":"ListItem","position":1,"name":"Startseite","item":"https:\/\/bike-zentrum.de\/fr\/"},{"@type":"ListItem","position":2,"name":"Lorem ipsum &#8211; post de blog avec des blocs de texte et d&#8217;image l\u00e9gers"}]},{"@type":"WebSite","@id":"https:\/\/bike-zentrum.de\/#website","url":"https:\/\/bike-zentrum.de\/","name":"Bike-Zentrum Schwarzach","description":"F\u00fcr jeden das passende Rad. Garantiert.","potentialAction":[{"@type":"SearchAction","target":{"@type":"EntryPoint","urlTemplate":"https:\/\/bike-zentrum.de\/?s={search_term_string}"},"query-input":{"@type":"PropertyValueSpecification","valueRequired":true,"valueName":"search_term_string"}}],"inLanguage":"fr-FR"},{"@type":"Person","@id":"https:\/\/bike-zentrum.de\/#\/schema\/person\/582b377b43cb7b3050a69792f9b42a1d","name":"badmin","sameAs":["https:\/\/bike-zentrum.de"],"url":"https:\/\/bike-zentrum.de\/fr\/author\/badmin\/"}]}},"_links":{"self":[{"href":"https:\/\/bike-zentrum.de\/fr\/wp-json\/wp\/v2\/posts\/2496","targetHints":{"allow":["GET"]}}],"collection":[{"href":"https:\/\/bike-zentrum.de\/fr\/wp-json\/wp\/v2\/posts"}],"about":[{"href":"https:\/\/bike-zentrum.de\/fr\/wp-json\/wp\/v2\/types\/post"}],"author":[{"embeddable":true,"href":"https:\/\/bike-zentrum.de\/fr\/wp-json\/wp\/v2\/users\/1"}],"replies":[{"embeddable":true,"href":"https:\/\/bike-zentrum.de\/fr\/wp-json\/wp\/v2\/comments?post=2496"}],"version-history":[{"count":2,"href":"https:\/\/bike-zentrum.de\/fr\/wp-json\/wp\/v2\/posts\/2496\/revisions"}],"predecessor-version":[{"id":2575,"href":"https:\/\/bike-zentrum.de\/fr\/wp-json\/wp\/v2\/posts\/2496\/revisions\/2575"}],"wp:attachment":[{"href":"https:\/\/bike-zentrum.de\/fr\/wp-json\/wp\/v2\/media?parent=2496"}],"wp:term":[{"taxonomy":"category","embeddable":true,"href":"https:\/\/bike-zentrum.de\/fr\/wp-json\/wp\/v2\/categories?post=2496"},{"taxonomy":"post_tag","embeddable":true,"href":"https:\/\/bike-zentrum.de\/fr\/wp-json\/wp\/v2\/tags?post=2496"}],"curies":[{"name":"wp","href":"https:\/\/api.w.org\/{rel}","templated":true}]}}