{"id":2497,"date":"2018-11-14T16:29:32","date_gmt":"2018-11-14T15:29:32","guid":{"rendered":"https:\/\/bike-zentrum.de\/proin-accumsan-lorem-amet-justo-post-with-colored-quote-blocks\/"},"modified":"2022-12-16T16:18:21","modified_gmt":"2022-12-16T15:18:21","slug":"proin-accumsan-lorem-amet-justo-post-with-colored-quote-blocks","status":"publish","type":"post","link":"https:\/\/bike-zentrum.de\/fr\/proin-accumsan-lorem-amet-justo-post-with-colored-quote-blocks\/","title":{"rendered":"Proin accumsan lorem amet justo &#8211; post with colored quote blocks"},"content":{"rendered":"[vc_row][vc_column css=\u00a0\u00bb.vc_custom_1560773772423{padding-bottom: 10px !important;}\u00a0\u00bb][vc_column_text]\n<p>Lorem ipsum dolor sit amet, consectetur adipiscing elit. Sed lectus est, scelerisque sed magna ultricies, dictum pharetra ipsum. Nullam cursus tortor in justo sagittis gravida. Nulla varius eros vitae justo facilisis, et dictum magna aliquam. Duis varius ipsum vel congue aliquet. Aliquam a purus aliquet, fermentum diam non, facilisis est. Etiam porta odio quis tellus mollis pulvinar. Praesent vitae nulla pellentesque, efficitur augue vitae, egestas magna. Sed vitae condimentum lorem, sed commodo augue. Nulla in ante non metus ultrices maximus. Maecenas interdum sollicitudin suscipit.<\/p>\n[\/vc_column_text][\/vc_column][\/vc_row][vc_row equal_height=\u00a0\u00bbyes\u00a0\u00bb content_placement=\u00a0\u00bbmiddle\u00a0\u00bb][vc_column width=\u00a0\u00bb1\/2&Prime; css=\u00a0\u00bb.vc_custom_1560773529257{padding-top: 10px !important;padding-bottom: 10px !important;}\u00a0\u00bb][vc_column_text]Lorem ipsum dolor sit amet, consectetur adipiscing elit. Sed lectus est, scelerisque sed magna ultricies, dictum pharetra ipsum. Nullam cursus tortor in justo sagittis gravida.<\/p>\n<p>Nulla varius eros vitae justo facilisis, et dictum magna aliquam. Duis varius ipsum vel congue aliquet. Aliquam a purus aliquet, fermentum diam non, facilisis est. Etiam porta odio quis tellus mollis pulvinar.[\/vc_column_text][\/vc_column][vc_column width=\u00a0\u00bb1\/2&Prime; css=\u00a0\u00bb.vc_custom_1560773642556{margin-top: 10px !important;margin-right: 25px !important;margin-bottom: 10px !important;margin-left: 25px !important;padding-top: 30px !important;padding-right: 30px !important;padding-bottom: 30px !important;padding-left: 30px !important;background-color: #93c248 !important;}\u00a0\u00bb][vc_column_text]\n<h5>\n            <span style=\"color: #ffffff;\">\u00ab\u00a0Lorem ipsum dolor sit amet, consectetur adipiscing elit. Ut elit tellus, luctus nec ullamcorper mattis, pulvinar dapibus leo\u00a0\u00bb.<\/span><br \/>\n          <\/h5>\n<p>          <span style=\"color: #ffffff;\">&#8211; John Doe<\/span><\/p>\n[\/vc_column_text][\/vc_column][\/vc_row][vc_row][vc_column css=\u00a0\u00bb.vc_custom_1560773714324{padding-top: 10px !important;padding-bottom: 10px !important;}\u00a0\u00bb][vc_column_text]Nulla varius eros vitae justo facilisis, et dictum magna aliquam. Duis varius ipsum vel congue aliquet. Aliquam a purus aliquet, fermentum diam non, facilisis est. Etiam porta odio quis tellus mollis pulvinar. Praesent vitae nulla pellentesque, efficitur augue vitae, egestas magna. Sed vitae condimentum lorem, sed commodo augue. Nulla in ante non metus ultrices maximus. Maecenas interdum sollicitudin suscipit.[\/vc_column_text][\/vc_column][\/vc_row][vc_row equal_height=\u00a0\u00bbyes\u00a0\u00bb content_placement=\u00a0\u00bbmiddle\u00a0\u00bb][vc_column width=\u00a0\u00bb1\/2&Prime; css=\u00a0\u00bb.vc_custom_1560773633492{margin-top: 10px !important;margin-right: 25px !important;margin-bottom: 10px !important;margin-left: 25px !important;padding-top: 30px !important;padding-right: 30px !important;padding-bottom: 30px !important;padding-left: 30px !important;background-color: #262d37 !important;}\u00a0\u00bb][vc_column_text]\n<h5>\n            <span style=\"color: #ffffff;\">Morbi finibus sem ac facilisis vehicula\u00a0\u00bb. Cras ut turpis ut dui feugiat dictum. Nullam id ex metus. Suspendisse vitae orci est. \u00ab\u00a0<\/span><br \/>\n          <\/h5>\n<p>          <span style=\"color: #ffffff;\">&#8211; Richard Green<\/span>[\/vc_column_text][\/vc_column][vc_column width=\u00a0\u00bb1\/2&Prime; css=\u00a0\u00bb.vc_custom_1560773529257{padding-top: 10px !important;padding-bottom: 10px !important;}\u00a0\u00bb][vc_column_text]Lorem ipsum dolor sit amet, consectetur adipiscing elit. Sed lectus est, scelerisque sed magna ultricies, dictum pharetra ipsum. Nullam cursus tortor in justo sagittis gravida.<\/p>\n<p>Nulla varius eros vitae justo facilisis, et dictum magna aliquam. Duis varius ipsum vel congue aliquet. Aliquam a purus aliquet, fermentum diam non, facilisis est. Etiam porta odio quis tellus mollis pulvinar.[\/vc_column_text][\/vc_column][\/vc_row][vc_row][vc_column css=\u00a0\u00bb.vc_custom_1560773777544{padding-top: 10px !important;}\u00a0\u00bb][vc_column_text]Duis varius ipsum vel congue aliquet. Aliquam a purus aliquet, fermentum diam non, facilisis est. Etiam porta odio quis tellus mollis pulvinar.<\/p>\n<p>Praesent vitae nulla pellentesque, efficitur augue vitae, egestas magna. Sed vitae condimentum lorem, sed commodo augue. Nulla in ante non metus ultrices maximus. Maecenas interdum sollicitudin suscipit.[\/vc_column_text][\/vc_column][\/vc_row]\n","protected":false},"excerpt":{"rendered":"<p>Lorem ipsum dolor sit amet, consectetur adipiscing elit. Nulla sit amet lectus erat. Nullam ex sapien, bibendum et blandit id, mollis id ligula. Sed maximus cursus sem eget viverra.<\/p>\n","protected":false},"author":1,"featured_media":0,"comment_status":"open","ping_status":"open","sticky":false,"template":"","format":"standard","meta":{"footnotes":""},"categories":[47],"tags":[49,50,44,46],"class_list":["post-2497","post","type-post","status-publish","format-standard","hentry","category-art-et-design","tag-art-fr","tag-design-fr","tag-gutenberg-fr","tag-wordpress-fr"],"yoast_head":"<!-- This site is optimized with the Yoast SEO plugin v27.5 - https:\/\/yoast.com\/product\/yoast-seo-wordpress\/ -->\n<title>Proin accumsan lorem amet justo - post with colored quote blocks - Bike-Zentrum Schwarzach<\/title>\n<meta name=\"robots\" content=\"index, follow, max-snippet:-1, max-image-preview:large, max-video-preview:-1\" \/>\n<link rel=\"canonical\" href=\"https:\/\/bike-zentrum.de\/fr\/proin-accumsan-lorem-amet-justo-post-with-colored-quote-blocks\/\" \/>\n<meta property=\"og:locale\" content=\"fr_FR\" \/>\n<meta property=\"og:type\" content=\"article\" \/>\n<meta property=\"og:title\" content=\"Proin accumsan lorem amet justo - post with colored quote blocks - Bike-Zentrum Schwarzach\" \/>\n<meta property=\"og:description\" content=\"Lorem ipsum dolor sit amet, consectetur adipiscing elit. Nulla sit amet lectus erat. Nullam ex sapien, bibendum et blandit id, mollis id ligula. Sed maximus cursus sem eget viverra.\" \/>\n<meta property=\"og:url\" content=\"https:\/\/bike-zentrum.de\/fr\/proin-accumsan-lorem-amet-justo-post-with-colored-quote-blocks\/\" \/>\n<meta property=\"og:site_name\" content=\"Bike-Zentrum Schwarzach\" \/>\n<meta property=\"article:published_time\" content=\"2018-11-14T15:29:32+00:00\" \/>\n<meta property=\"article:modified_time\" content=\"2022-12-16T15:18:21+00:00\" \/>\n<meta name=\"author\" content=\"badmin\" \/>\n<meta name=\"twitter:card\" content=\"summary_large_image\" \/>\n<meta name=\"twitter:label1\" content=\"\u00c9crit par\" \/>\n\t<meta name=\"twitter:data1\" content=\"badmin\" \/>\n\t<meta name=\"twitter:label2\" content=\"Dur\u00e9e de lecture estim\u00e9e\" \/>\n\t<meta name=\"twitter:data2\" content=\"3 minutes\" \/>\n<script type=\"application\/ld+json\" class=\"yoast-schema-graph\">{\"@context\":\"https:\\\/\\\/schema.org\",\"@graph\":[{\"@type\":\"Article\",\"@id\":\"https:\\\/\\\/bike-zentrum.de\\\/fr\\\/proin-accumsan-lorem-amet-justo-post-with-colored-quote-blocks\\\/#article\",\"isPartOf\":{\"@id\":\"https:\\\/\\\/bike-zentrum.de\\\/fr\\\/proin-accumsan-lorem-amet-justo-post-with-colored-quote-blocks\\\/\"},\"author\":{\"name\":\"badmin\",\"@id\":\"https:\\\/\\\/bike-zentrum.de\\\/#\\\/schema\\\/person\\\/582b377b43cb7b3050a69792f9b42a1d\"},\"headline\":\"Proin accumsan lorem amet justo &#8211; post with colored quote blocks\",\"datePublished\":\"2018-11-14T15:29:32+00:00\",\"dateModified\":\"2022-12-16T15:18:21+00:00\",\"mainEntityOfPage\":{\"@id\":\"https:\\\/\\\/bike-zentrum.de\\\/fr\\\/proin-accumsan-lorem-amet-justo-post-with-colored-quote-blocks\\\/\"},\"wordCount\":567,\"commentCount\":0,\"keywords\":[\"art\",\"design\",\"gutenberg\",\"wordpress\"],\"articleSection\":[\"Art et design\"],\"inLanguage\":\"fr-FR\",\"potentialAction\":[{\"@type\":\"CommentAction\",\"name\":\"Comment\",\"target\":[\"https:\\\/\\\/bike-zentrum.de\\\/fr\\\/proin-accumsan-lorem-amet-justo-post-with-colored-quote-blocks\\\/#respond\"]}]},{\"@type\":\"WebPage\",\"@id\":\"https:\\\/\\\/bike-zentrum.de\\\/fr\\\/proin-accumsan-lorem-amet-justo-post-with-colored-quote-blocks\\\/\",\"url\":\"https:\\\/\\\/bike-zentrum.de\\\/fr\\\/proin-accumsan-lorem-amet-justo-post-with-colored-quote-blocks\\\/\",\"name\":\"Proin accumsan lorem amet justo - post with colored quote blocks - Bike-Zentrum Schwarzach\",\"isPartOf\":{\"@id\":\"https:\\\/\\\/bike-zentrum.de\\\/#website\"},\"datePublished\":\"2018-11-14T15:29:32+00:00\",\"dateModified\":\"2022-12-16T15:18:21+00:00\",\"author\":{\"@id\":\"https:\\\/\\\/bike-zentrum.de\\\/#\\\/schema\\\/person\\\/582b377b43cb7b3050a69792f9b42a1d\"},\"breadcrumb\":{\"@id\":\"https:\\\/\\\/bike-zentrum.de\\\/fr\\\/proin-accumsan-lorem-amet-justo-post-with-colored-quote-blocks\\\/#breadcrumb\"},\"inLanguage\":\"fr-FR\",\"potentialAction\":[{\"@type\":\"ReadAction\",\"target\":[\"https:\\\/\\\/bike-zentrum.de\\\/fr\\\/proin-accumsan-lorem-amet-justo-post-with-colored-quote-blocks\\\/\"]}]},{\"@type\":\"BreadcrumbList\",\"@id\":\"https:\\\/\\\/bike-zentrum.de\\\/fr\\\/proin-accumsan-lorem-amet-justo-post-with-colored-quote-blocks\\\/#breadcrumb\",\"itemListElement\":[{\"@type\":\"ListItem\",\"position\":1,\"name\":\"Startseite\",\"item\":\"https:\\\/\\\/bike-zentrum.de\\\/fr\\\/\"},{\"@type\":\"ListItem\",\"position\":2,\"name\":\"Proin accumsan lorem amet justo &#8211; post with colored quote blocks\"}]},{\"@type\":\"WebSite\",\"@id\":\"https:\\\/\\\/bike-zentrum.de\\\/#website\",\"url\":\"https:\\\/\\\/bike-zentrum.de\\\/\",\"name\":\"Bike-Zentrum Schwarzach\",\"description\":\"F\u00fcr jeden das passende Rad. Garantiert.\",\"potentialAction\":[{\"@type\":\"SearchAction\",\"target\":{\"@type\":\"EntryPoint\",\"urlTemplate\":\"https:\\\/\\\/bike-zentrum.de\\\/?s={search_term_string}\"},\"query-input\":{\"@type\":\"PropertyValueSpecification\",\"valueRequired\":true,\"valueName\":\"search_term_string\"}}],\"inLanguage\":\"fr-FR\"},{\"@type\":\"Person\",\"@id\":\"https:\\\/\\\/bike-zentrum.de\\\/#\\\/schema\\\/person\\\/582b377b43cb7b3050a69792f9b42a1d\",\"name\":\"badmin\",\"sameAs\":[\"https:\\\/\\\/bike-zentrum.de\"],\"url\":\"https:\\\/\\\/bike-zentrum.de\\\/fr\\\/author\\\/badmin\\\/\"}]}<\/script>\n<!-- \/ Yoast SEO plugin. -->","yoast_head_json":{"title":"Proin accumsan lorem amet justo - post with colored quote blocks - Bike-Zentrum Schwarzach","robots":{"index":"index","follow":"follow","max-snippet":"max-snippet:-1","max-image-preview":"max-image-preview:large","max-video-preview":"max-video-preview:-1"},"canonical":"https:\/\/bike-zentrum.de\/fr\/proin-accumsan-lorem-amet-justo-post-with-colored-quote-blocks\/","og_locale":"fr_FR","og_type":"article","og_title":"Proin accumsan lorem amet justo - post with colored quote blocks - Bike-Zentrum Schwarzach","og_description":"Lorem ipsum dolor sit amet, consectetur adipiscing elit. Nulla sit amet lectus erat. Nullam ex sapien, bibendum et blandit id, mollis id ligula. Sed maximus cursus sem eget viverra.","og_url":"https:\/\/bike-zentrum.de\/fr\/proin-accumsan-lorem-amet-justo-post-with-colored-quote-blocks\/","og_site_name":"Bike-Zentrum Schwarzach","article_published_time":"2018-11-14T15:29:32+00:00","article_modified_time":"2022-12-16T15:18:21+00:00","author":"badmin","twitter_card":"summary_large_image","twitter_misc":{"\u00c9crit par":"badmin","Dur\u00e9e de lecture estim\u00e9e":"3 minutes"},"schema":{"@context":"https:\/\/schema.org","@graph":[{"@type":"Article","@id":"https:\/\/bike-zentrum.de\/fr\/proin-accumsan-lorem-amet-justo-post-with-colored-quote-blocks\/#article","isPartOf":{"@id":"https:\/\/bike-zentrum.de\/fr\/proin-accumsan-lorem-amet-justo-post-with-colored-quote-blocks\/"},"author":{"name":"badmin","@id":"https:\/\/bike-zentrum.de\/#\/schema\/person\/582b377b43cb7b3050a69792f9b42a1d"},"headline":"Proin accumsan lorem amet justo &#8211; post with colored quote blocks","datePublished":"2018-11-14T15:29:32+00:00","dateModified":"2022-12-16T15:18:21+00:00","mainEntityOfPage":{"@id":"https:\/\/bike-zentrum.de\/fr\/proin-accumsan-lorem-amet-justo-post-with-colored-quote-blocks\/"},"wordCount":567,"commentCount":0,"keywords":["art","design","gutenberg","wordpress"],"articleSection":["Art et design"],"inLanguage":"fr-FR","potentialAction":[{"@type":"CommentAction","name":"Comment","target":["https:\/\/bike-zentrum.de\/fr\/proin-accumsan-lorem-amet-justo-post-with-colored-quote-blocks\/#respond"]}]},{"@type":"WebPage","@id":"https:\/\/bike-zentrum.de\/fr\/proin-accumsan-lorem-amet-justo-post-with-colored-quote-blocks\/","url":"https:\/\/bike-zentrum.de\/fr\/proin-accumsan-lorem-amet-justo-post-with-colored-quote-blocks\/","name":"Proin accumsan lorem amet justo - post with colored quote blocks - Bike-Zentrum Schwarzach","isPartOf":{"@id":"https:\/\/bike-zentrum.de\/#website"},"datePublished":"2018-11-14T15:29:32+00:00","dateModified":"2022-12-16T15:18:21+00:00","author":{"@id":"https:\/\/bike-zentrum.de\/#\/schema\/person\/582b377b43cb7b3050a69792f9b42a1d"},"breadcrumb":{"@id":"https:\/\/bike-zentrum.de\/fr\/proin-accumsan-lorem-amet-justo-post-with-colored-quote-blocks\/#breadcrumb"},"inLanguage":"fr-FR","potentialAction":[{"@type":"ReadAction","target":["https:\/\/bike-zentrum.de\/fr\/proin-accumsan-lorem-amet-justo-post-with-colored-quote-blocks\/"]}]},{"@type":"BreadcrumbList","@id":"https:\/\/bike-zentrum.de\/fr\/proin-accumsan-lorem-amet-justo-post-with-colored-quote-blocks\/#breadcrumb","itemListElement":[{"@type":"ListItem","position":1,"name":"Startseite","item":"https:\/\/bike-zentrum.de\/fr\/"},{"@type":"ListItem","position":2,"name":"Proin accumsan lorem amet justo &#8211; post with colored quote blocks"}]},{"@type":"WebSite","@id":"https:\/\/bike-zentrum.de\/#website","url":"https:\/\/bike-zentrum.de\/","name":"Bike-Zentrum Schwarzach","description":"F\u00fcr jeden das passende Rad. Garantiert.","potentialAction":[{"@type":"SearchAction","target":{"@type":"EntryPoint","urlTemplate":"https:\/\/bike-zentrum.de\/?s={search_term_string}"},"query-input":{"@type":"PropertyValueSpecification","valueRequired":true,"valueName":"search_term_string"}}],"inLanguage":"fr-FR"},{"@type":"Person","@id":"https:\/\/bike-zentrum.de\/#\/schema\/person\/582b377b43cb7b3050a69792f9b42a1d","name":"badmin","sameAs":["https:\/\/bike-zentrum.de"],"url":"https:\/\/bike-zentrum.de\/fr\/author\/badmin\/"}]}},"_links":{"self":[{"href":"https:\/\/bike-zentrum.de\/fr\/wp-json\/wp\/v2\/posts\/2497","targetHints":{"allow":["GET"]}}],"collection":[{"href":"https:\/\/bike-zentrum.de\/fr\/wp-json\/wp\/v2\/posts"}],"about":[{"href":"https:\/\/bike-zentrum.de\/fr\/wp-json\/wp\/v2\/types\/post"}],"author":[{"embeddable":true,"href":"https:\/\/bike-zentrum.de\/fr\/wp-json\/wp\/v2\/users\/1"}],"replies":[{"embeddable":true,"href":"https:\/\/bike-zentrum.de\/fr\/wp-json\/wp\/v2\/comments?post=2497"}],"version-history":[{"count":4,"href":"https:\/\/bike-zentrum.de\/fr\/wp-json\/wp\/v2\/posts\/2497\/revisions"}],"predecessor-version":[{"id":2582,"href":"https:\/\/bike-zentrum.de\/fr\/wp-json\/wp\/v2\/posts\/2497\/revisions\/2582"}],"wp:attachment":[{"href":"https:\/\/bike-zentrum.de\/fr\/wp-json\/wp\/v2\/media?parent=2497"}],"wp:term":[{"taxonomy":"category","embeddable":true,"href":"https:\/\/bike-zentrum.de\/fr\/wp-json\/wp\/v2\/categories?post=2497"},{"taxonomy":"post_tag","embeddable":true,"href":"https:\/\/bike-zentrum.de\/fr\/wp-json\/wp\/v2\/tags?post=2497"}],"curies":[{"name":"wp","href":"https:\/\/api.w.org\/{rel}","templated":true}]}}