{"id":2499,"date":"2018-11-07T17:40:16","date_gmt":"2018-11-07T16:40:16","guid":{"rendered":"https:\/\/bike-zentrum.de\/morbi-mi-neque-consecte-tur-post-with-lists\/"},"modified":"2022-12-16T16:18:16","modified_gmt":"2022-12-16T15:18:16","slug":"morbi-mi-neque-consecte-tur-post-with-lists","status":"publish","type":"post","link":"https:\/\/bike-zentrum.de\/fr\/morbi-mi-neque-consecte-tur-post-with-lists\/","title":{"rendered":"Morbi mi neque consecte tur &#8211; post with lists"},"content":{"rendered":"[vc_row css=\u00a0\u00bb.vc_custom_1560774911222{padding-bottom: 40px !important;}\u00a0\u00bb][vc_column][vc_column_text]\n<h4>Liste non ordonn\u00e9e par d\u00e9faut<\/h4>\n<ul>\n<li>Nulla sit amet orci lacinia, aliquam ipsum ut, consequat nulla.<\/li>\n<li>Cras tincidunt lectus sed condimentum tempor.<\/li>\n<li>Morbi sit amet velit ut leo feugiat maximus.<\/li>\n<li>Vestibulum scelerisque nulla id porttitor imperdiet.<\/li>\n<li>Quisque tincidunt nulla et nulla dictum ullamcorper.<\/li>\n<li>Praesent congue est non dui ornare, a finibus neque luctus.<\/li>\n<\/ul>\n[\/vc_column_text][\/vc_column][\/vc_row][vc_row][vc_column css=\u00a0\u00bb.vc_custom_1560774915632{padding-bottom: 40px !important;}\u00a0\u00bb][vc_column_text]Fusce nibh urna, pellentesque vitae lobortis vitae, ultrices vitae leo. Proin nec aliquet purus. Quisque vitae varius ipsum, sed accumsan nulla. Curabitur non auctor nisl, at bibendum sem. Nulla sed dictum augue. Duis pellentesque ipsum odio, in accumsan nisi convallis a. Nullam in hendrerit ante, non sodales metus.<\/p>\n<p>Curabitur ac bibendum nulla, ac condimentum nibh. Aenean quis elementum leo. In vehicula arcu at ante auctor interdum. Aenean consequat ac metus et bibendum. Suspendisse molestie tempus magna id maximus. Curabitur fringilla, lectus id fringilla posuere, diam sem egestas quam, quis semper ante eros varius ligula.<br \/>\n[\/vc_column_text][\/vc_column][\/vc_row][vc_row][vc_column css=\u00a0\u00bb.vc_custom_1560775227260{padding-bottom: 40px !important;}\u00a0\u00bb][vc_column_text]\n<h4>Liste ordonn\u00e9e par d\u00e9faut<\/h4>\n<ol>\n<li>Lorem ipsum dolor sit amet, consectetur adipiscing elit.<\/li>\n<li>Sed a tortor aliquet urna auctor ultrices nec eu sapien.<\/li>\n<li>Nulla ac tellus luctus, malesuada neque nec, luctus risus.<\/li>\n<li>Donec aliquam orci tempus sem dictum volutpat.<\/li>\n<li>In in mi eget leo lacinia convallis eget sed orci.<\/li>\n<li>Quisque tincidunt nulla et nulla dictum ullamcorper.<\/li>\n<li>Praesent congue est non dui ornare, a finibus neque luctus.<\/li>\n<\/ol>\n[\/vc_column_text][\/vc_column][\/vc_row][vc_row][vc_column css=\u00a0\u00bb.vc_custom_1560774915632{padding-bottom: 40px !important;}\u00a0\u00bb][vc_column_text]Fusce nibh urna, pellentesque vitae lobortis vitae, ultrices vitae leo. Proin nec aliquet purus. Quisque vitae varius ipsum, sed accumsan nulla. Curabitur non auctor nisl, at bibendum sem. Nulla sed dictum augue. Duis pellentesque ipsum odio, in accumsan nisi convallis a. Nullam in hendrerit ante, non sodales metus.<\/p>\n<p>Curabitur ac bibendum nulla, ac condimentum nibh. Aenean quis elementum leo. In vehicula arcu at ante auctor interdum. Aenean consequat ac metus et bibendum. Suspendisse molestie tempus magna id maximus. Curabitur fringilla, lectus id fringilla posuere, diam sem egestas quam, quis semper ante eros varius ligula.<br \/>\n[\/vc_column_text][\/vc_column][\/vc_row][vc_row][vc_column css=\u00a0\u00bb.vc_custom_1560775208367{padding-bottom: 30px !important;}\u00a0\u00bb][vc_column_text css=\u00a0\u00bb.vc_custom_1560775128531{padding-bottom: 10px !important;}\u00a0\u00bb]\n<h4>Code court de la liste non ordonn\u00e9e<\/h4>\n[\/vc_column_text][dt_vc_list dividers=\u00a0\u00bbfalse\u00a0\u00bb]\n<ul>\n<li>Lorem ipsum dolor sit amet, consectetur adipiscing elit.<\/li>\n<li>Sed a tortor aliquet urna auctor ultrices nec eu sapien.<\/li>\n<li>Nulla ac tellus luctus, malesuada neque nec, luctus risus.<\/li>\n<li>Donec aliquam orci tempus sem dictum volutpat.<\/li>\n<li>In in mi eget leo lacinia convallis eget sed orci.<\/li>\n<li>Quisque tincidunt nulla et nulla dictum ullamcorper.<\/li>\n<li>Praesent congue est non dui ornare, a finibus neque luctus.<\/li>\n<\/ul>\n[\/dt_vc_list][\/vc_column][\/vc_row][vc_row][vc_column css=\u00a0\u00bb.vc_custom_1560774915632{padding-bottom: 40px !important;}\u00a0\u00bb][vc_column_text]Nulla sed dictum augue. Duis pellentesque ipsum odio, in accumsan nisi convallis a. Nullam in hendrerit ante, non sodales metus.<\/p>\n<p>Curabitur ac bibendum nulla, ac condimentum nibh. Aenean quis elementum leo. In vehicula arcu at ante auctor interdum. Aenean consequat ac metus et bibendum. Suspendisse molestie tempus magna id maximus. Curabitur fringilla, lectus id fringilla posuere, diam sem egestas quam, quis semper ante eros varius ligula.[\/vc_column_text][\/vc_column][\/vc_row][vc_row][vc_column css=\u00a0\u00bb.vc_custom_1560775208367{padding-bottom: 30px !important;}\u00a0\u00bb][vc_column_text css=\u00a0\u00bb.vc_custom_1560775585983{padding-bottom: 10px !important;}\u00a0\u00bb]\n<h4>Code court de la liste des commandes<\/h4>\n[\/vc_column_text][dt_vc_list style=\u00a0\u00bb2&Prime; dividers=\u00a0\u00bbfalse\u00a0\u00bb]\n<ul>\n<li>Lorem ipsum dolor sit amet, consectetur adipiscing elit.<\/li>\n<li>Sed a tortor aliquet urna auctor ultrices nec eu sapien.<\/li>\n<li>Nulla ac tellus luctus, malesuada neque nec, luctus risus.<\/li>\n<li>Donec aliquam orci tempus sem dictum volutpat.<\/li>\n<li>In in mi eget leo lacinia convallis eget sed orci.<\/li>\n<li>Quisque tincidunt nulla et nulla dictum ullamcorper.<\/li>\n<li>Praesent congue est non dui ornare, a finibus neque luctus.<\/li>\n<\/ul>\n[\/dt_vc_list][\/vc_column][\/vc_row][vc_row][vc_column][vc_column_text]Nulla sed dictum augue. Duis pellentesque ipsum odio, in accumsan nisi convallis a. Nullam in hendrerit ante, non sodales metus.<\/p>\n<p>Curabitur ac bibendum nulla, ac condimentum nibh. Aenean quis elementum leo. In vehicula arcu at ante auctor interdum. Aenean consequat ac metus et bibendum.[\/vc_column_text][\/vc_column][\/vc_row]\n","protected":false},"excerpt":{"rendered":"<p>Morbi mi neque, consectetur ut convallis at, semper sit amet elit. Curabitur gravida porta ante et sagittis. Praesent eget nunc elementum Praesent eget nunc elementum lacus pretium malesuada. Nulla imperdiet quis elit non suscipit.<\/p>\n","protected":false},"author":1,"featured_media":0,"comment_status":"open","ping_status":"open","sticky":false,"template":"","format":"standard","meta":{"footnotes":""},"categories":[41,42],"tags":[51,43,44,45,46],"class_list":["post-2499","post","type-post","status-publish","format-standard","hentry","category-business-fr","category-marketing-fr","tag-blog-fr","tag-business-fr","tag-gutenberg-fr","tag-the7-fr","tag-wordpress-fr"],"yoast_head":"<!-- This site is optimized with the Yoast SEO plugin v27.5 - https:\/\/yoast.com\/product\/yoast-seo-wordpress\/ -->\n<title>Morbi mi neque consecte tur - post with lists - Bike-Zentrum Schwarzach<\/title>\n<meta name=\"robots\" content=\"index, follow, max-snippet:-1, max-image-preview:large, max-video-preview:-1\" \/>\n<link rel=\"canonical\" href=\"https:\/\/bike-zentrum.de\/fr\/morbi-mi-neque-consecte-tur-post-with-lists\/\" \/>\n<meta property=\"og:locale\" content=\"fr_FR\" \/>\n<meta property=\"og:type\" content=\"article\" \/>\n<meta property=\"og:title\" content=\"Morbi mi neque consecte tur - post with lists - Bike-Zentrum Schwarzach\" \/>\n<meta property=\"og:description\" content=\"Morbi mi neque, consectetur ut convallis at, semper sit amet elit. Curabitur gravida porta ante et sagittis. Praesent eget nunc elementum Praesent eget nunc elementum lacus pretium malesuada. Nulla imperdiet quis elit non suscipit.\" \/>\n<meta property=\"og:url\" content=\"https:\/\/bike-zentrum.de\/fr\/morbi-mi-neque-consecte-tur-post-with-lists\/\" \/>\n<meta property=\"og:site_name\" content=\"Bike-Zentrum Schwarzach\" \/>\n<meta property=\"article:published_time\" content=\"2018-11-07T16:40:16+00:00\" \/>\n<meta property=\"article:modified_time\" content=\"2022-12-16T15:18:16+00:00\" \/>\n<meta name=\"author\" content=\"badmin\" \/>\n<meta name=\"twitter:card\" content=\"summary_large_image\" \/>\n<meta name=\"twitter:label1\" content=\"\u00c9crit par\" \/>\n\t<meta name=\"twitter:data1\" content=\"badmin\" \/>\n\t<meta name=\"twitter:label2\" content=\"Dur\u00e9e de lecture estim\u00e9e\" \/>\n\t<meta name=\"twitter:data2\" content=\"4 minutes\" \/>\n<script type=\"application\/ld+json\" class=\"yoast-schema-graph\">{\"@context\":\"https:\\\/\\\/schema.org\",\"@graph\":[{\"@type\":\"Article\",\"@id\":\"https:\\\/\\\/bike-zentrum.de\\\/fr\\\/morbi-mi-neque-consecte-tur-post-with-lists\\\/#article\",\"isPartOf\":{\"@id\":\"https:\\\/\\\/bike-zentrum.de\\\/fr\\\/morbi-mi-neque-consecte-tur-post-with-lists\\\/\"},\"author\":{\"name\":\"badmin\",\"@id\":\"https:\\\/\\\/bike-zentrum.de\\\/#\\\/schema\\\/person\\\/582b377b43cb7b3050a69792f9b42a1d\"},\"headline\":\"Morbi mi neque consecte tur &#8211; post with lists\",\"datePublished\":\"2018-11-07T16:40:16+00:00\",\"dateModified\":\"2022-12-16T15:18:16+00:00\",\"mainEntityOfPage\":{\"@id\":\"https:\\\/\\\/bike-zentrum.de\\\/fr\\\/morbi-mi-neque-consecte-tur-post-with-lists\\\/\"},\"wordCount\":748,\"commentCount\":0,\"keywords\":[\"blog\",\"business\",\"gutenberg\",\"the7\",\"wordpress\"],\"articleSection\":[\"Business\",\"Marketing\"],\"inLanguage\":\"fr-FR\",\"potentialAction\":[{\"@type\":\"CommentAction\",\"name\":\"Comment\",\"target\":[\"https:\\\/\\\/bike-zentrum.de\\\/fr\\\/morbi-mi-neque-consecte-tur-post-with-lists\\\/#respond\"]}]},{\"@type\":\"WebPage\",\"@id\":\"https:\\\/\\\/bike-zentrum.de\\\/fr\\\/morbi-mi-neque-consecte-tur-post-with-lists\\\/\",\"url\":\"https:\\\/\\\/bike-zentrum.de\\\/fr\\\/morbi-mi-neque-consecte-tur-post-with-lists\\\/\",\"name\":\"Morbi mi neque consecte tur - post with lists - Bike-Zentrum Schwarzach\",\"isPartOf\":{\"@id\":\"https:\\\/\\\/bike-zentrum.de\\\/#website\"},\"datePublished\":\"2018-11-07T16:40:16+00:00\",\"dateModified\":\"2022-12-16T15:18:16+00:00\",\"author\":{\"@id\":\"https:\\\/\\\/bike-zentrum.de\\\/#\\\/schema\\\/person\\\/582b377b43cb7b3050a69792f9b42a1d\"},\"breadcrumb\":{\"@id\":\"https:\\\/\\\/bike-zentrum.de\\\/fr\\\/morbi-mi-neque-consecte-tur-post-with-lists\\\/#breadcrumb\"},\"inLanguage\":\"fr-FR\",\"potentialAction\":[{\"@type\":\"ReadAction\",\"target\":[\"https:\\\/\\\/bike-zentrum.de\\\/fr\\\/morbi-mi-neque-consecte-tur-post-with-lists\\\/\"]}]},{\"@type\":\"BreadcrumbList\",\"@id\":\"https:\\\/\\\/bike-zentrum.de\\\/fr\\\/morbi-mi-neque-consecte-tur-post-with-lists\\\/#breadcrumb\",\"itemListElement\":[{\"@type\":\"ListItem\",\"position\":1,\"name\":\"Startseite\",\"item\":\"https:\\\/\\\/bike-zentrum.de\\\/fr\\\/\"},{\"@type\":\"ListItem\",\"position\":2,\"name\":\"Morbi mi neque consecte tur &#8211; post with lists\"}]},{\"@type\":\"WebSite\",\"@id\":\"https:\\\/\\\/bike-zentrum.de\\\/#website\",\"url\":\"https:\\\/\\\/bike-zentrum.de\\\/\",\"name\":\"Bike-Zentrum Schwarzach\",\"description\":\"F\u00fcr jeden das passende Rad. Garantiert.\",\"potentialAction\":[{\"@type\":\"SearchAction\",\"target\":{\"@type\":\"EntryPoint\",\"urlTemplate\":\"https:\\\/\\\/bike-zentrum.de\\\/?s={search_term_string}\"},\"query-input\":{\"@type\":\"PropertyValueSpecification\",\"valueRequired\":true,\"valueName\":\"search_term_string\"}}],\"inLanguage\":\"fr-FR\"},{\"@type\":\"Person\",\"@id\":\"https:\\\/\\\/bike-zentrum.de\\\/#\\\/schema\\\/person\\\/582b377b43cb7b3050a69792f9b42a1d\",\"name\":\"badmin\",\"sameAs\":[\"https:\\\/\\\/bike-zentrum.de\"],\"url\":\"https:\\\/\\\/bike-zentrum.de\\\/fr\\\/author\\\/badmin\\\/\"}]}<\/script>\n<!-- \/ Yoast SEO plugin. -->","yoast_head_json":{"title":"Morbi mi neque consecte tur - post with lists - Bike-Zentrum Schwarzach","robots":{"index":"index","follow":"follow","max-snippet":"max-snippet:-1","max-image-preview":"max-image-preview:large","max-video-preview":"max-video-preview:-1"},"canonical":"https:\/\/bike-zentrum.de\/fr\/morbi-mi-neque-consecte-tur-post-with-lists\/","og_locale":"fr_FR","og_type":"article","og_title":"Morbi mi neque consecte tur - post with lists - Bike-Zentrum Schwarzach","og_description":"Morbi mi neque, consectetur ut convallis at, semper sit amet elit. Curabitur gravida porta ante et sagittis. Praesent eget nunc elementum Praesent eget nunc elementum lacus pretium malesuada. Nulla imperdiet quis elit non suscipit.","og_url":"https:\/\/bike-zentrum.de\/fr\/morbi-mi-neque-consecte-tur-post-with-lists\/","og_site_name":"Bike-Zentrum Schwarzach","article_published_time":"2018-11-07T16:40:16+00:00","article_modified_time":"2022-12-16T15:18:16+00:00","author":"badmin","twitter_card":"summary_large_image","twitter_misc":{"\u00c9crit par":"badmin","Dur\u00e9e de lecture estim\u00e9e":"4 minutes"},"schema":{"@context":"https:\/\/schema.org","@graph":[{"@type":"Article","@id":"https:\/\/bike-zentrum.de\/fr\/morbi-mi-neque-consecte-tur-post-with-lists\/#article","isPartOf":{"@id":"https:\/\/bike-zentrum.de\/fr\/morbi-mi-neque-consecte-tur-post-with-lists\/"},"author":{"name":"badmin","@id":"https:\/\/bike-zentrum.de\/#\/schema\/person\/582b377b43cb7b3050a69792f9b42a1d"},"headline":"Morbi mi neque consecte tur &#8211; post with lists","datePublished":"2018-11-07T16:40:16+00:00","dateModified":"2022-12-16T15:18:16+00:00","mainEntityOfPage":{"@id":"https:\/\/bike-zentrum.de\/fr\/morbi-mi-neque-consecte-tur-post-with-lists\/"},"wordCount":748,"commentCount":0,"keywords":["blog","business","gutenberg","the7","wordpress"],"articleSection":["Business","Marketing"],"inLanguage":"fr-FR","potentialAction":[{"@type":"CommentAction","name":"Comment","target":["https:\/\/bike-zentrum.de\/fr\/morbi-mi-neque-consecte-tur-post-with-lists\/#respond"]}]},{"@type":"WebPage","@id":"https:\/\/bike-zentrum.de\/fr\/morbi-mi-neque-consecte-tur-post-with-lists\/","url":"https:\/\/bike-zentrum.de\/fr\/morbi-mi-neque-consecte-tur-post-with-lists\/","name":"Morbi mi neque consecte tur - post with lists - Bike-Zentrum Schwarzach","isPartOf":{"@id":"https:\/\/bike-zentrum.de\/#website"},"datePublished":"2018-11-07T16:40:16+00:00","dateModified":"2022-12-16T15:18:16+00:00","author":{"@id":"https:\/\/bike-zentrum.de\/#\/schema\/person\/582b377b43cb7b3050a69792f9b42a1d"},"breadcrumb":{"@id":"https:\/\/bike-zentrum.de\/fr\/morbi-mi-neque-consecte-tur-post-with-lists\/#breadcrumb"},"inLanguage":"fr-FR","potentialAction":[{"@type":"ReadAction","target":["https:\/\/bike-zentrum.de\/fr\/morbi-mi-neque-consecte-tur-post-with-lists\/"]}]},{"@type":"BreadcrumbList","@id":"https:\/\/bike-zentrum.de\/fr\/morbi-mi-neque-consecte-tur-post-with-lists\/#breadcrumb","itemListElement":[{"@type":"ListItem","position":1,"name":"Startseite","item":"https:\/\/bike-zentrum.de\/fr\/"},{"@type":"ListItem","position":2,"name":"Morbi mi neque consecte tur &#8211; post with lists"}]},{"@type":"WebSite","@id":"https:\/\/bike-zentrum.de\/#website","url":"https:\/\/bike-zentrum.de\/","name":"Bike-Zentrum Schwarzach","description":"F\u00fcr jeden das passende Rad. Garantiert.","potentialAction":[{"@type":"SearchAction","target":{"@type":"EntryPoint","urlTemplate":"https:\/\/bike-zentrum.de\/?s={search_term_string}"},"query-input":{"@type":"PropertyValueSpecification","valueRequired":true,"valueName":"search_term_string"}}],"inLanguage":"fr-FR"},{"@type":"Person","@id":"https:\/\/bike-zentrum.de\/#\/schema\/person\/582b377b43cb7b3050a69792f9b42a1d","name":"badmin","sameAs":["https:\/\/bike-zentrum.de"],"url":"https:\/\/bike-zentrum.de\/fr\/author\/badmin\/"}]}},"_links":{"self":[{"href":"https:\/\/bike-zentrum.de\/fr\/wp-json\/wp\/v2\/posts\/2499","targetHints":{"allow":["GET"]}}],"collection":[{"href":"https:\/\/bike-zentrum.de\/fr\/wp-json\/wp\/v2\/posts"}],"about":[{"href":"https:\/\/bike-zentrum.de\/fr\/wp-json\/wp\/v2\/types\/post"}],"author":[{"embeddable":true,"href":"https:\/\/bike-zentrum.de\/fr\/wp-json\/wp\/v2\/users\/1"}],"replies":[{"embeddable":true,"href":"https:\/\/bike-zentrum.de\/fr\/wp-json\/wp\/v2\/comments?post=2499"}],"version-history":[{"count":4,"href":"https:\/\/bike-zentrum.de\/fr\/wp-json\/wp\/v2\/posts\/2499\/revisions"}],"predecessor-version":[{"id":2580,"href":"https:\/\/bike-zentrum.de\/fr\/wp-json\/wp\/v2\/posts\/2499\/revisions\/2580"}],"wp:attachment":[{"href":"https:\/\/bike-zentrum.de\/fr\/wp-json\/wp\/v2\/media?parent=2499"}],"wp:term":[{"taxonomy":"category","embeddable":true,"href":"https:\/\/bike-zentrum.de\/fr\/wp-json\/wp\/v2\/categories?post=2499"},{"taxonomy":"post_tag","embeddable":true,"href":"https:\/\/bike-zentrum.de\/fr\/wp-json\/wp\/v2\/tags?post=2499"}],"curies":[{"name":"wp","href":"https:\/\/api.w.org\/{rel}","templated":true}]}}