{"id":2507,"date":"2018-10-02T14:04:09","date_gmt":"2018-10-02T12:04:09","guid":{"rendered":"https:\/\/bike-zentrum.de\/glavrida-sit-amet-post-avec-images-laterales\/"},"modified":"2022-12-16T16:18:22","modified_gmt":"2022-12-16T15:18:22","slug":"glavrida-sit-amet-post-avec-images-laterales","status":"publish","type":"post","link":"https:\/\/bike-zentrum.de\/fr\/glavrida-sit-amet-post-avec-images-laterales\/","title":{"rendered":"Glavrida sit amet &#8211; post avec images lat\u00e9rales"},"content":{"rendered":"<p><img loading=\"lazy\" decoding=\"async\" class=\"alignright wp-image-847 size-medium\" src=\"https:\/\/bike-zentrum.de\/wp-content\/uploads\/2018\/11\/img007-300x200.jpg\" alt=\"\" width=\"300\" height=\"200\">Duis varius ipsum vel congue aliquet. Aliquam a purus aliquet, fermentum diam non, facilisis est. Etiam porta odio quis tellus mollis tincidunt. Nulla interdum, justo eget faucibus gravida, nisl mi suscipit lorem, nec accumsan libero justo sagittis est.<\/p>\n<p>Lorem ipsum dolor sit amet, consectetur adipiscing elit. Sed lectus est, scelerisque sed magna ultricies, dictum pharetra ipsum.<\/p>\n<p>Duis iaculis laoreet risus, sed interdum ante molestie at. Vestibulum dictum mauris justo, nec posuere mi aliquet in. Integer augue elit, posuere ut elit non, iaculis consectetur libero. Vivamus semper scelerisque augue a consectetur.<\/p>\n<p><img loading=\"lazy\" decoding=\"async\" class=\"alignleft wp-image-853 size-medium\" src=\"https:\/\/bike-zentrum.de\/wp-content\/uploads\/2018\/11\/img010-300x200.jpg\" alt=\"\" width=\"300\" height=\"200\">Nam mollis quis mi quis lobortis. Sed dapibus sagittis vehicula. Proin vel bibendum arcu. Lorem<\/p>\n<p>ipsum dolor sit amet, consectetur adipiscing elit. Nunc volutpat lectus non libero pellentesque tristique. Morbi finibus sem ac facilisis vehicula.<\/p>\n<p>Cras ut turpis ut dui feugiat dictum. Nullam id ex metus. Suspendisse vitae orci est. Ut molestie facilisis dolor. Phasellus mauris lorem, porttitor non pharetra vel, maximus eu est. Curabitur a est dictum, egestas lorem gravida, dignissim ipsum. In at metus condimentum dolor lobortis auctor in rutrum ipsum.<\/p>\n<p><img loading=\"lazy\" decoding=\"async\" class=\"alignright wp-image-292 size-medium\" src=\"https:\/\/bike-zentrum.de\/wp-content\/uploads\/2018\/11\/gut001-300x200.jpg\" alt=\"\" width=\"300\" height=\"200\">Aliquam sagittis, ante nec interdum lobortis, eros enim venenatis odio, interdum faucibus diam erat at felis. Nulla tincidunt varius sagittis. Vivamus in eros iaculis, sodales sapien sed, viverra nulla. Phasellus et sodales metus. Phasellus at magna felis. Quisque condimentum ultrices augue, sed lacinia ante finibus molestie.<\/p>\n<p>Nullam lobortis eu neque ultricies pulvinar. Praesent vitae nulla pellentesque, efficitur augue vitae, egestas magna. Sed vitae condimentum lorem, sed commodo augue. Nulla in ante non metus ultrices maximus. Maecenas interdum sollicitudin suscipit.<\/p>\n","protected":false},"excerpt":{"rendered":"<p>Praesent euismod volutpat rhoncus. Suspendisse rutrum tortor justo, eu sollicitudin nisl pretium et. In a elit ligula. Nam id sem quis mauris porttitor conse quat id vitae dolor &#8211; mauris lorem ipsum nulla it ametultricies mi dolor at pharetra.<\/p>\n","protected":false},"author":1,"featured_media":0,"comment_status":"open","ping_status":"open","sticky":false,"template":"","format":"standard","meta":{"footnotes":""},"categories":[47,42],"tags":[49,43,50,44,45,46],"class_list":["post-2507","post","type-post","status-publish","format-standard","hentry","category-art-et-design","category-marketing-fr","tag-art-fr","tag-business-fr","tag-design-fr","tag-gutenberg-fr","tag-the7-fr","tag-wordpress-fr"],"yoast_head":"<!-- This site is optimized with the Yoast SEO plugin v27.5 - https:\/\/yoast.com\/product\/yoast-seo-wordpress\/ -->\n<title>Glavrida sit amet - post avec images lat\u00e9rales - Bike-Zentrum Schwarzach<\/title>\n<meta name=\"robots\" content=\"index, follow, max-snippet:-1, max-image-preview:large, max-video-preview:-1\" \/>\n<link rel=\"canonical\" href=\"https:\/\/bike-zentrum.de\/?p=1120\" \/>\n<meta property=\"og:locale\" content=\"fr_FR\" \/>\n<meta property=\"og:type\" content=\"article\" \/>\n<meta property=\"og:title\" content=\"Glavrida sit amet - post avec images lat\u00e9rales - Bike-Zentrum Schwarzach\" \/>\n<meta property=\"og:description\" content=\"Praesent euismod volutpat rhoncus. Suspendisse rutrum tortor justo, eu sollicitudin nisl pretium et. In a elit ligula. Nam id sem quis mauris porttitor conse quat id vitae dolor - mauris lorem ipsum nulla it ametultricies mi dolor at pharetra.\" \/>\n<meta property=\"og:url\" content=\"https:\/\/bike-zentrum.de\/?p=1120\" \/>\n<meta property=\"og:site_name\" content=\"Bike-Zentrum Schwarzach\" \/>\n<meta property=\"article:published_time\" content=\"2018-10-02T12:04:09+00:00\" \/>\n<meta property=\"article:modified_time\" content=\"2022-12-16T15:18:22+00:00\" \/>\n<meta name=\"author\" content=\"badmin\" \/>\n<meta name=\"twitter:card\" content=\"summary_large_image\" \/>\n<meta name=\"twitter:label1\" content=\"\u00c9crit par\" \/>\n\t<meta name=\"twitter:data1\" content=\"badmin\" \/>\n\t<meta name=\"twitter:label2\" content=\"Dur\u00e9e de lecture estim\u00e9e\" \/>\n\t<meta name=\"twitter:data2\" content=\"1 minute\" \/>\n<script type=\"application\/ld+json\" class=\"yoast-schema-graph\">{\"@context\":\"https:\\\/\\\/schema.org\",\"@graph\":[{\"@type\":\"Article\",\"@id\":\"https:\\\/\\\/bike-zentrum.de\\\/?p=1120#article\",\"isPartOf\":{\"@id\":\"https:\\\/\\\/bike-zentrum.de\\\/?p=1120\"},\"author\":{\"name\":\"badmin\",\"@id\":\"https:\\\/\\\/bike-zentrum.de\\\/#\\\/schema\\\/person\\\/582b377b43cb7b3050a69792f9b42a1d\"},\"headline\":\"Glavrida sit amet &#8211; post avec images lat\u00e9rales\",\"datePublished\":\"2018-10-02T12:04:09+00:00\",\"dateModified\":\"2022-12-16T15:18:22+00:00\",\"mainEntityOfPage\":{\"@id\":\"https:\\\/\\\/bike-zentrum.de\\\/?p=1120\"},\"wordCount\":261,\"commentCount\":0,\"image\":{\"@id\":\"https:\\\/\\\/bike-zentrum.de\\\/?p=1120#primaryimage\"},\"thumbnailUrl\":\"https:\\\/\\\/bike-zentrum.de\\\/wp-content\\\/uploads\\\/2018\\\/11\\\/img007-300x200.jpg\",\"keywords\":[\"art\",\"business\",\"design\",\"gutenberg\",\"the7\",\"wordpress\"],\"articleSection\":[\"Art et design\",\"Marketing\"],\"inLanguage\":\"fr-FR\",\"potentialAction\":[{\"@type\":\"CommentAction\",\"name\":\"Comment\",\"target\":[\"https:\\\/\\\/bike-zentrum.de\\\/?p=1120#respond\"]}]},{\"@type\":\"WebPage\",\"@id\":\"https:\\\/\\\/bike-zentrum.de\\\/?p=1120\",\"url\":\"https:\\\/\\\/bike-zentrum.de\\\/?p=1120\",\"name\":\"Glavrida sit amet - post avec images lat\u00e9rales - Bike-Zentrum Schwarzach\",\"isPartOf\":{\"@id\":\"https:\\\/\\\/bike-zentrum.de\\\/#website\"},\"primaryImageOfPage\":{\"@id\":\"https:\\\/\\\/bike-zentrum.de\\\/?p=1120#primaryimage\"},\"image\":{\"@id\":\"https:\\\/\\\/bike-zentrum.de\\\/?p=1120#primaryimage\"},\"thumbnailUrl\":\"https:\\\/\\\/bike-zentrum.de\\\/wp-content\\\/uploads\\\/2018\\\/11\\\/img007-300x200.jpg\",\"datePublished\":\"2018-10-02T12:04:09+00:00\",\"dateModified\":\"2022-12-16T15:18:22+00:00\",\"author\":{\"@id\":\"https:\\\/\\\/bike-zentrum.de\\\/#\\\/schema\\\/person\\\/582b377b43cb7b3050a69792f9b42a1d\"},\"breadcrumb\":{\"@id\":\"https:\\\/\\\/bike-zentrum.de\\\/?p=1120#breadcrumb\"},\"inLanguage\":\"fr-FR\",\"potentialAction\":[{\"@type\":\"ReadAction\",\"target\":[\"https:\\\/\\\/bike-zentrum.de\\\/?p=1120\"]}]},{\"@type\":\"ImageObject\",\"inLanguage\":\"fr-FR\",\"@id\":\"https:\\\/\\\/bike-zentrum.de\\\/?p=1120#primaryimage\",\"url\":\"https:\\\/\\\/bike-zentrum.de\\\/wp-content\\\/uploads\\\/2018\\\/11\\\/img007-300x200.jpg\",\"contentUrl\":\"https:\\\/\\\/bike-zentrum.de\\\/wp-content\\\/uploads\\\/2018\\\/11\\\/img007-300x200.jpg\"},{\"@type\":\"BreadcrumbList\",\"@id\":\"https:\\\/\\\/bike-zentrum.de\\\/?p=1120#breadcrumb\",\"itemListElement\":[{\"@type\":\"ListItem\",\"position\":1,\"name\":\"Startseite\",\"item\":\"https:\\\/\\\/bike-zentrum.de\\\/fr\\\/\"},{\"@type\":\"ListItem\",\"position\":2,\"name\":\"Glavrida sit amet &#8211; post avec images lat\u00e9rales\"}]},{\"@type\":\"WebSite\",\"@id\":\"https:\\\/\\\/bike-zentrum.de\\\/#website\",\"url\":\"https:\\\/\\\/bike-zentrum.de\\\/\",\"name\":\"Bike-Zentrum Schwarzach\",\"description\":\"F\u00fcr jeden das passende Rad. Garantiert.\",\"potentialAction\":[{\"@type\":\"SearchAction\",\"target\":{\"@type\":\"EntryPoint\",\"urlTemplate\":\"https:\\\/\\\/bike-zentrum.de\\\/?s={search_term_string}\"},\"query-input\":{\"@type\":\"PropertyValueSpecification\",\"valueRequired\":true,\"valueName\":\"search_term_string\"}}],\"inLanguage\":\"fr-FR\"},{\"@type\":\"Person\",\"@id\":\"https:\\\/\\\/bike-zentrum.de\\\/#\\\/schema\\\/person\\\/582b377b43cb7b3050a69792f9b42a1d\",\"name\":\"badmin\",\"sameAs\":[\"https:\\\/\\\/bike-zentrum.de\"],\"url\":\"https:\\\/\\\/bike-zentrum.de\\\/fr\\\/author\\\/badmin\\\/\"}]}<\/script>\n<!-- \/ Yoast SEO plugin. -->","yoast_head_json":{"title":"Glavrida sit amet - post avec images lat\u00e9rales - Bike-Zentrum Schwarzach","robots":{"index":"index","follow":"follow","max-snippet":"max-snippet:-1","max-image-preview":"max-image-preview:large","max-video-preview":"max-video-preview:-1"},"canonical":"https:\/\/bike-zentrum.de\/?p=1120","og_locale":"fr_FR","og_type":"article","og_title":"Glavrida sit amet - post avec images lat\u00e9rales - Bike-Zentrum Schwarzach","og_description":"Praesent euismod volutpat rhoncus. Suspendisse rutrum tortor justo, eu sollicitudin nisl pretium et. In a elit ligula. Nam id sem quis mauris porttitor conse quat id vitae dolor - mauris lorem ipsum nulla it ametultricies mi dolor at pharetra.","og_url":"https:\/\/bike-zentrum.de\/?p=1120","og_site_name":"Bike-Zentrum Schwarzach","article_published_time":"2018-10-02T12:04:09+00:00","article_modified_time":"2022-12-16T15:18:22+00:00","author":"badmin","twitter_card":"summary_large_image","twitter_misc":{"\u00c9crit par":"badmin","Dur\u00e9e de lecture estim\u00e9e":"1 minute"},"schema":{"@context":"https:\/\/schema.org","@graph":[{"@type":"Article","@id":"https:\/\/bike-zentrum.de\/?p=1120#article","isPartOf":{"@id":"https:\/\/bike-zentrum.de\/?p=1120"},"author":{"name":"badmin","@id":"https:\/\/bike-zentrum.de\/#\/schema\/person\/582b377b43cb7b3050a69792f9b42a1d"},"headline":"Glavrida sit amet &#8211; post avec images lat\u00e9rales","datePublished":"2018-10-02T12:04:09+00:00","dateModified":"2022-12-16T15:18:22+00:00","mainEntityOfPage":{"@id":"https:\/\/bike-zentrum.de\/?p=1120"},"wordCount":261,"commentCount":0,"image":{"@id":"https:\/\/bike-zentrum.de\/?p=1120#primaryimage"},"thumbnailUrl":"https:\/\/bike-zentrum.de\/wp-content\/uploads\/2018\/11\/img007-300x200.jpg","keywords":["art","business","design","gutenberg","the7","wordpress"],"articleSection":["Art et design","Marketing"],"inLanguage":"fr-FR","potentialAction":[{"@type":"CommentAction","name":"Comment","target":["https:\/\/bike-zentrum.de\/?p=1120#respond"]}]},{"@type":"WebPage","@id":"https:\/\/bike-zentrum.de\/?p=1120","url":"https:\/\/bike-zentrum.de\/?p=1120","name":"Glavrida sit amet - post avec images lat\u00e9rales - Bike-Zentrum Schwarzach","isPartOf":{"@id":"https:\/\/bike-zentrum.de\/#website"},"primaryImageOfPage":{"@id":"https:\/\/bike-zentrum.de\/?p=1120#primaryimage"},"image":{"@id":"https:\/\/bike-zentrum.de\/?p=1120#primaryimage"},"thumbnailUrl":"https:\/\/bike-zentrum.de\/wp-content\/uploads\/2018\/11\/img007-300x200.jpg","datePublished":"2018-10-02T12:04:09+00:00","dateModified":"2022-12-16T15:18:22+00:00","author":{"@id":"https:\/\/bike-zentrum.de\/#\/schema\/person\/582b377b43cb7b3050a69792f9b42a1d"},"breadcrumb":{"@id":"https:\/\/bike-zentrum.de\/?p=1120#breadcrumb"},"inLanguage":"fr-FR","potentialAction":[{"@type":"ReadAction","target":["https:\/\/bike-zentrum.de\/?p=1120"]}]},{"@type":"ImageObject","inLanguage":"fr-FR","@id":"https:\/\/bike-zentrum.de\/?p=1120#primaryimage","url":"https:\/\/bike-zentrum.de\/wp-content\/uploads\/2018\/11\/img007-300x200.jpg","contentUrl":"https:\/\/bike-zentrum.de\/wp-content\/uploads\/2018\/11\/img007-300x200.jpg"},{"@type":"BreadcrumbList","@id":"https:\/\/bike-zentrum.de\/?p=1120#breadcrumb","itemListElement":[{"@type":"ListItem","position":1,"name":"Startseite","item":"https:\/\/bike-zentrum.de\/fr\/"},{"@type":"ListItem","position":2,"name":"Glavrida sit amet &#8211; post avec images lat\u00e9rales"}]},{"@type":"WebSite","@id":"https:\/\/bike-zentrum.de\/#website","url":"https:\/\/bike-zentrum.de\/","name":"Bike-Zentrum Schwarzach","description":"F\u00fcr jeden das passende Rad. Garantiert.","potentialAction":[{"@type":"SearchAction","target":{"@type":"EntryPoint","urlTemplate":"https:\/\/bike-zentrum.de\/?s={search_term_string}"},"query-input":{"@type":"PropertyValueSpecification","valueRequired":true,"valueName":"search_term_string"}}],"inLanguage":"fr-FR"},{"@type":"Person","@id":"https:\/\/bike-zentrum.de\/#\/schema\/person\/582b377b43cb7b3050a69792f9b42a1d","name":"badmin","sameAs":["https:\/\/bike-zentrum.de"],"url":"https:\/\/bike-zentrum.de\/fr\/author\/badmin\/"}]}},"_links":{"self":[{"href":"https:\/\/bike-zentrum.de\/fr\/wp-json\/wp\/v2\/posts\/2507","targetHints":{"allow":["GET"]}}],"collection":[{"href":"https:\/\/bike-zentrum.de\/fr\/wp-json\/wp\/v2\/posts"}],"about":[{"href":"https:\/\/bike-zentrum.de\/fr\/wp-json\/wp\/v2\/types\/post"}],"author":[{"embeddable":true,"href":"https:\/\/bike-zentrum.de\/fr\/wp-json\/wp\/v2\/users\/1"}],"replies":[{"embeddable":true,"href":"https:\/\/bike-zentrum.de\/fr\/wp-json\/wp\/v2\/comments?post=2507"}],"version-history":[{"count":1,"href":"https:\/\/bike-zentrum.de\/fr\/wp-json\/wp\/v2\/posts\/2507\/revisions"}],"predecessor-version":[{"id":2583,"href":"https:\/\/bike-zentrum.de\/fr\/wp-json\/wp\/v2\/posts\/2507\/revisions\/2583"}],"wp:attachment":[{"href":"https:\/\/bike-zentrum.de\/fr\/wp-json\/wp\/v2\/media?parent=2507"}],"wp:term":[{"taxonomy":"category","embeddable":true,"href":"https:\/\/bike-zentrum.de\/fr\/wp-json\/wp\/v2\/categories?post=2507"},{"taxonomy":"post_tag","embeddable":true,"href":"https:\/\/bike-zentrum.de\/fr\/wp-json\/wp\/v2\/tags?post=2507"}],"curies":[{"name":"wp","href":"https:\/\/api.w.org\/{rel}","templated":true}]}}