{"id":2515,"date":"2018-11-14T14:25:23","date_gmt":"2018-11-14T13:25:23","guid":{"rendered":"https:\/\/bike-zentrum.de\/lorem-dolor-amet-post-with-gallery\/"},"modified":"2022-12-16T16:18:23","modified_gmt":"2022-12-16T15:18:23","slug":"lorem-dolor-amet-post-with-gallery","status":"publish","type":"post","link":"https:\/\/bike-zentrum.de\/fr\/lorem-dolor-amet-post-with-gallery\/","title":{"rendered":"Lorem dolor amet &#8211; post with gallery"},"content":{"rendered":"[vc_row][vc_column css=\u00a0\u00bb.vc_custom_1560774036619{padding-bottom: 50px !important;}\u00a0\u00bb][vc_column_text]Cras nisl lacus, volutpat a odio posuere, iaculis sollicitudin purus. Praesent euismod volutpat rhoncus. Suspendisse rutrum tortor justo, eu sollicitudin nisl pretium et. In a elit ligula. Cras nisl lacus, volutpat a odio posuere, iaculis sollicitudin purus.<\/p>\n<p>Phasellus et sodales metus. Phasellus at magna felis. Quisque condimentum ultrices augue, sed lacinia ante finibus molestie. Nullam lobortis eu neque ultricies pulvinar. Praesent vitae nulla pellentesque, efficitur augue vitae, egestas magna. Sed vitae condimentum lorem, sed commodo augue. Nulla in ante non metus ultrices maximus. Maecenas interdum sollicitudin suscipit.[\/vc_column_text][\/vc_column][\/vc_row][vc_row][vc_column][dt_gallery_masonry bwb_columns=\u00a0\u00bbdesktop:5|h_tablet:5|v_tablet:3|phone:2&Prime; image_sizing=\u00a0\u00bbresize\u00a0\u00bb image_border_radius=\u00a0\u00bb0px\u00a0\u00bb image_scale_animation_on_hover=\u00a0\u00bbdisabled\u00a0\u00bb project_icon_size=\u00a0\u00bb24px\u00a0\u00bb project_icon_color=\u00a0\u00bb#ffffff\u00a0\u00bb project_icon_border_width=\u00a0\u00bb0px\u00a0\u00bb include=\u00a0\u00bb925,917,860,858,853,847,845,841,832,674,658,651,646,644,639&Prime;][\/vc_column][\/vc_row]\n","protected":false},"excerpt":{"rendered":"<p>Suspendisse rutrum tortor justo, eu sollicitudin nisl pretium et. In a elit ligula. Cras nisl lacus, volutpat !<\/p>\n","protected":false},"author":1,"featured_media":0,"comment_status":"open","ping_status":"open","sticky":false,"template":"","format":"standard","meta":{"footnotes":""},"categories":[47],"tags":[49,53,45,54],"class_list":["post-2515","post","type-post","status-publish","format-standard","hentry","category-art-et-design","tag-art-fr","tag-photo-fr","tag-the7-fr","tag-themeforest-fr"],"yoast_head":"<!-- This site is optimized with the Yoast SEO plugin v27.5 - https:\/\/yoast.com\/product\/yoast-seo-wordpress\/ -->\n<title>Lorem dolor amet - post with gallery - Bike-Zentrum Schwarzach<\/title>\n<meta name=\"robots\" content=\"index, follow, max-snippet:-1, max-image-preview:large, max-video-preview:-1\" \/>\n<link rel=\"canonical\" href=\"https:\/\/bike-zentrum.de\/fr\/lorem-dolor-amet-post-with-gallery\/\" \/>\n<meta property=\"og:locale\" content=\"fr_FR\" \/>\n<meta property=\"og:type\" content=\"article\" \/>\n<meta property=\"og:title\" content=\"Lorem dolor amet - post with gallery - Bike-Zentrum Schwarzach\" \/>\n<meta property=\"og:description\" content=\"Suspendisse rutrum tortor justo, eu sollicitudin nisl pretium et. In a elit ligula. Cras nisl lacus, volutpat !\" \/>\n<meta property=\"og:url\" content=\"https:\/\/bike-zentrum.de\/fr\/lorem-dolor-amet-post-with-gallery\/\" \/>\n<meta property=\"og:site_name\" content=\"Bike-Zentrum Schwarzach\" \/>\n<meta property=\"article:published_time\" content=\"2018-11-14T13:25:23+00:00\" \/>\n<meta property=\"article:modified_time\" content=\"2022-12-16T15:18:23+00:00\" \/>\n<meta name=\"author\" content=\"badmin\" \/>\n<meta name=\"twitter:card\" content=\"summary_large_image\" \/>\n<meta name=\"twitter:label1\" content=\"\u00c9crit par\" \/>\n\t<meta name=\"twitter:data1\" content=\"badmin\" \/>\n\t<meta name=\"twitter:label2\" content=\"Dur\u00e9e de lecture estim\u00e9e\" \/>\n\t<meta name=\"twitter:data2\" content=\"1 minute\" \/>\n<script type=\"application\/ld+json\" class=\"yoast-schema-graph\">{\"@context\":\"https:\\\/\\\/schema.org\",\"@graph\":[{\"@type\":\"Article\",\"@id\":\"https:\\\/\\\/bike-zentrum.de\\\/fr\\\/lorem-dolor-amet-post-with-gallery\\\/#article\",\"isPartOf\":{\"@id\":\"https:\\\/\\\/bike-zentrum.de\\\/fr\\\/lorem-dolor-amet-post-with-gallery\\\/\"},\"author\":{\"name\":\"badmin\",\"@id\":\"https:\\\/\\\/bike-zentrum.de\\\/#\\\/schema\\\/person\\\/582b377b43cb7b3050a69792f9b42a1d\"},\"headline\":\"Lorem dolor amet &#8211; post with gallery\",\"datePublished\":\"2018-11-14T13:25:23+00:00\",\"dateModified\":\"2022-12-16T15:18:23+00:00\",\"mainEntityOfPage\":{\"@id\":\"https:\\\/\\\/bike-zentrum.de\\\/fr\\\/lorem-dolor-amet-post-with-gallery\\\/\"},\"wordCount\":160,\"commentCount\":0,\"keywords\":[\"art\",\"photo\",\"the7\",\"themeforest\"],\"articleSection\":[\"Art et design\"],\"inLanguage\":\"fr-FR\",\"potentialAction\":[{\"@type\":\"CommentAction\",\"name\":\"Comment\",\"target\":[\"https:\\\/\\\/bike-zentrum.de\\\/fr\\\/lorem-dolor-amet-post-with-gallery\\\/#respond\"]}]},{\"@type\":\"WebPage\",\"@id\":\"https:\\\/\\\/bike-zentrum.de\\\/fr\\\/lorem-dolor-amet-post-with-gallery\\\/\",\"url\":\"https:\\\/\\\/bike-zentrum.de\\\/fr\\\/lorem-dolor-amet-post-with-gallery\\\/\",\"name\":\"Lorem dolor amet - post with gallery - Bike-Zentrum Schwarzach\",\"isPartOf\":{\"@id\":\"https:\\\/\\\/bike-zentrum.de\\\/#website\"},\"datePublished\":\"2018-11-14T13:25:23+00:00\",\"dateModified\":\"2022-12-16T15:18:23+00:00\",\"author\":{\"@id\":\"https:\\\/\\\/bike-zentrum.de\\\/#\\\/schema\\\/person\\\/582b377b43cb7b3050a69792f9b42a1d\"},\"breadcrumb\":{\"@id\":\"https:\\\/\\\/bike-zentrum.de\\\/fr\\\/lorem-dolor-amet-post-with-gallery\\\/#breadcrumb\"},\"inLanguage\":\"fr-FR\",\"potentialAction\":[{\"@type\":\"ReadAction\",\"target\":[\"https:\\\/\\\/bike-zentrum.de\\\/fr\\\/lorem-dolor-amet-post-with-gallery\\\/\"]}]},{\"@type\":\"BreadcrumbList\",\"@id\":\"https:\\\/\\\/bike-zentrum.de\\\/fr\\\/lorem-dolor-amet-post-with-gallery\\\/#breadcrumb\",\"itemListElement\":[{\"@type\":\"ListItem\",\"position\":1,\"name\":\"Startseite\",\"item\":\"https:\\\/\\\/bike-zentrum.de\\\/fr\\\/\"},{\"@type\":\"ListItem\",\"position\":2,\"name\":\"Lorem dolor amet &#8211; post with gallery\"}]},{\"@type\":\"WebSite\",\"@id\":\"https:\\\/\\\/bike-zentrum.de\\\/#website\",\"url\":\"https:\\\/\\\/bike-zentrum.de\\\/\",\"name\":\"Bike-Zentrum Schwarzach\",\"description\":\"F\u00fcr jeden das passende Rad. Garantiert.\",\"potentialAction\":[{\"@type\":\"SearchAction\",\"target\":{\"@type\":\"EntryPoint\",\"urlTemplate\":\"https:\\\/\\\/bike-zentrum.de\\\/?s={search_term_string}\"},\"query-input\":{\"@type\":\"PropertyValueSpecification\",\"valueRequired\":true,\"valueName\":\"search_term_string\"}}],\"inLanguage\":\"fr-FR\"},{\"@type\":\"Person\",\"@id\":\"https:\\\/\\\/bike-zentrum.de\\\/#\\\/schema\\\/person\\\/582b377b43cb7b3050a69792f9b42a1d\",\"name\":\"badmin\",\"sameAs\":[\"https:\\\/\\\/bike-zentrum.de\"],\"url\":\"https:\\\/\\\/bike-zentrum.de\\\/fr\\\/author\\\/badmin\\\/\"}]}<\/script>\n<!-- \/ Yoast SEO plugin. -->","yoast_head_json":{"title":"Lorem dolor amet - post with gallery - Bike-Zentrum Schwarzach","robots":{"index":"index","follow":"follow","max-snippet":"max-snippet:-1","max-image-preview":"max-image-preview:large","max-video-preview":"max-video-preview:-1"},"canonical":"https:\/\/bike-zentrum.de\/fr\/lorem-dolor-amet-post-with-gallery\/","og_locale":"fr_FR","og_type":"article","og_title":"Lorem dolor amet - post with gallery - Bike-Zentrum Schwarzach","og_description":"Suspendisse rutrum tortor justo, eu sollicitudin nisl pretium et. In a elit ligula. Cras nisl lacus, volutpat !","og_url":"https:\/\/bike-zentrum.de\/fr\/lorem-dolor-amet-post-with-gallery\/","og_site_name":"Bike-Zentrum Schwarzach","article_published_time":"2018-11-14T13:25:23+00:00","article_modified_time":"2022-12-16T15:18:23+00:00","author":"badmin","twitter_card":"summary_large_image","twitter_misc":{"\u00c9crit par":"badmin","Dur\u00e9e de lecture estim\u00e9e":"1 minute"},"schema":{"@context":"https:\/\/schema.org","@graph":[{"@type":"Article","@id":"https:\/\/bike-zentrum.de\/fr\/lorem-dolor-amet-post-with-gallery\/#article","isPartOf":{"@id":"https:\/\/bike-zentrum.de\/fr\/lorem-dolor-amet-post-with-gallery\/"},"author":{"name":"badmin","@id":"https:\/\/bike-zentrum.de\/#\/schema\/person\/582b377b43cb7b3050a69792f9b42a1d"},"headline":"Lorem dolor amet &#8211; post with gallery","datePublished":"2018-11-14T13:25:23+00:00","dateModified":"2022-12-16T15:18:23+00:00","mainEntityOfPage":{"@id":"https:\/\/bike-zentrum.de\/fr\/lorem-dolor-amet-post-with-gallery\/"},"wordCount":160,"commentCount":0,"keywords":["art","photo","the7","themeforest"],"articleSection":["Art et design"],"inLanguage":"fr-FR","potentialAction":[{"@type":"CommentAction","name":"Comment","target":["https:\/\/bike-zentrum.de\/fr\/lorem-dolor-amet-post-with-gallery\/#respond"]}]},{"@type":"WebPage","@id":"https:\/\/bike-zentrum.de\/fr\/lorem-dolor-amet-post-with-gallery\/","url":"https:\/\/bike-zentrum.de\/fr\/lorem-dolor-amet-post-with-gallery\/","name":"Lorem dolor amet - post with gallery - Bike-Zentrum Schwarzach","isPartOf":{"@id":"https:\/\/bike-zentrum.de\/#website"},"datePublished":"2018-11-14T13:25:23+00:00","dateModified":"2022-12-16T15:18:23+00:00","author":{"@id":"https:\/\/bike-zentrum.de\/#\/schema\/person\/582b377b43cb7b3050a69792f9b42a1d"},"breadcrumb":{"@id":"https:\/\/bike-zentrum.de\/fr\/lorem-dolor-amet-post-with-gallery\/#breadcrumb"},"inLanguage":"fr-FR","potentialAction":[{"@type":"ReadAction","target":["https:\/\/bike-zentrum.de\/fr\/lorem-dolor-amet-post-with-gallery\/"]}]},{"@type":"BreadcrumbList","@id":"https:\/\/bike-zentrum.de\/fr\/lorem-dolor-amet-post-with-gallery\/#breadcrumb","itemListElement":[{"@type":"ListItem","position":1,"name":"Startseite","item":"https:\/\/bike-zentrum.de\/fr\/"},{"@type":"ListItem","position":2,"name":"Lorem dolor amet &#8211; post with gallery"}]},{"@type":"WebSite","@id":"https:\/\/bike-zentrum.de\/#website","url":"https:\/\/bike-zentrum.de\/","name":"Bike-Zentrum Schwarzach","description":"F\u00fcr jeden das passende Rad. Garantiert.","potentialAction":[{"@type":"SearchAction","target":{"@type":"EntryPoint","urlTemplate":"https:\/\/bike-zentrum.de\/?s={search_term_string}"},"query-input":{"@type":"PropertyValueSpecification","valueRequired":true,"valueName":"search_term_string"}}],"inLanguage":"fr-FR"},{"@type":"Person","@id":"https:\/\/bike-zentrum.de\/#\/schema\/person\/582b377b43cb7b3050a69792f9b42a1d","name":"badmin","sameAs":["https:\/\/bike-zentrum.de"],"url":"https:\/\/bike-zentrum.de\/fr\/author\/badmin\/"}]}},"_links":{"self":[{"href":"https:\/\/bike-zentrum.de\/fr\/wp-json\/wp\/v2\/posts\/2515","targetHints":{"allow":["GET"]}}],"collection":[{"href":"https:\/\/bike-zentrum.de\/fr\/wp-json\/wp\/v2\/posts"}],"about":[{"href":"https:\/\/bike-zentrum.de\/fr\/wp-json\/wp\/v2\/types\/post"}],"author":[{"embeddable":true,"href":"https:\/\/bike-zentrum.de\/fr\/wp-json\/wp\/v2\/users\/1"}],"replies":[{"embeddable":true,"href":"https:\/\/bike-zentrum.de\/fr\/wp-json\/wp\/v2\/comments?post=2515"}],"version-history":[{"count":4,"href":"https:\/\/bike-zentrum.de\/fr\/wp-json\/wp\/v2\/posts\/2515\/revisions"}],"predecessor-version":[{"id":2587,"href":"https:\/\/bike-zentrum.de\/fr\/wp-json\/wp\/v2\/posts\/2515\/revisions\/2587"}],"wp:attachment":[{"href":"https:\/\/bike-zentrum.de\/fr\/wp-json\/wp\/v2\/media?parent=2515"}],"wp:term":[{"taxonomy":"category","embeddable":true,"href":"https:\/\/bike-zentrum.de\/fr\/wp-json\/wp\/v2\/categories?post=2515"},{"taxonomy":"post_tag","embeddable":true,"href":"https:\/\/bike-zentrum.de\/fr\/wp-json\/wp\/v2\/tags?post=2515"}],"curies":[{"name":"wp","href":"https:\/\/api.w.org\/{rel}","templated":true}]}}